{"id":1614,"date":"2020-02-17T08:30:19","date_gmt":"2020-02-17T07:30:19","guid":{"rendered":"https:\/\/bonaimatge.com\/?p=1614"},"modified":"2020-02-16T13:18:02","modified_gmt":"2020-02-16T12:18:02","slug":"estrategia-en-comunicacio-unica","status":"publish","type":"post","link":"https:\/\/bonaimatge.com\/es\/estrategia-en-comunicacio-unica\/","title":{"rendered":"\u00bfCual es tu traje a medida de la comunicaci\u00f3n?"},"content":{"rendered":"<p>La comunicaci\u00f3n corporativa debe ser un traje hecho a medida. No sirve una formula pre-dise\u00f1ada ni florituras innecesarias. Cuando individualmente queremos generar una buena impresi\u00f3n, una buena imagen, trabajamos en nuestro aspecto, c\u00f3mo nos comunicamos y que historia queremos explicar: nos hacemos un traje a medida. <strong>Optamos por una soluci\u00f3n personalizada porque implica calidad<\/strong>, porque nos asegura un ajuste sobre nuestra figura y, por supuesto, porque funciona. De la misma manera, una empresa, una instituci\u00f3n o cualquier corporaci\u00f3n necesita ver reflejada su imagen en una estrategia individualizada. <b>Cada estrategia en comunicaci\u00f3n debe ser \u00fanica.<\/b><\/p>\n<p><img decoding=\"async\" class=\"wp-image-1601 aligncenter\" src=\"https:\/\/bonaimatge.com\/wp-content\/uploads\/2020\/02\/top-view-photo-of-people-having-a-meeting-3183165.jpg\" alt=\"estrat\u00e8gia comuniaci\u00f3\" width=\"775\" height=\"517\" \/><br \/>\nLa comunicaci\u00f3n corporativa es la imagen p\u00fablica e interna de la empresa y la debe coser un sastre. No puede quedar peque\u00f1a, tampoco grande, ni siquiera se puede errar en la elecci\u00f3n de la tela. No ha sido nunca suficiente tener un buen producto o un servicio impecable, pero <strong>ahora m\u00e1s que antes, si no comunicas, si no explicas quien eres, no\u00a0<\/strong><b>existes<\/b>. La gente debe conocer que eres capaz de hacer, o que estas haciendo, y para eso es necesario reivindicar la comunicaci\u00f3n corporativa. La comunicaci\u00f3n interna y externa manifiesta nuestros valores, nuestro trabajo y nuestras metas. Precisamos de la comunicaci\u00f3n estrat\u00e9gica para avanzar. La estrategia en comunicaci\u00f3n debe ser \u00fanica. Todos necesitamos alguien profesional que d\u00e9 visibilidad a nuestras fortalezas y trabaje nuestras debilidades, que nos ayude a crecer, a ser m\u00e1s competitivos y a hacernos visibles. Cada uno es experto en su especialidad, y en la comunicaci\u00f3n corporativa lo son <a href=\"https:\/\/bonaimatge.com\/es\/que-hacemos\/\">las agencias de comunicaci\u00f3n<\/a>.<\/p>\n","protected":false},"excerpt":{"rendered":"<p>La comunicaci\u00f3n corporativa debe ser un traje hecho a medida. No sirve una formula pre-dise\u00f1ada ni florituras innecesarias. Cuando individualmente queremos generar una buena impresi\u00f3n, una buena imagen, trabajamos en nuestro aspecto, c\u00f3mo nos comunicamos [&hellip;]<\/p>\n","protected":false},"author":4,"featured_media":1609,"comment_status":"open","ping_status":"closed","sticky":false,"template":"","format":"standard","meta":{"footnotes":""},"categories":[33],"tags":[45,41,42,46],"class_list":["post-1614","post","type-post","status-publish","format-standard","has-post-thumbnail","hentry","category-noticies-blog-es","tag-comunicacion-corporativa-es","tag-estrategia-es","tag-personalitzacio-es","tag-personalizacion-es"],"yoast_head":"<!-- This site is optimized with the Yoast SEO plugin v25.8 - https:\/\/yoast.com\/wordpress\/plugins\/seo\/ -->\n<title>\u00bfCual es tu traje a medida de la comunicaci\u00f3n? - Bonaimatge<\/title>\n<meta name=\"description\" content=\"La estrategia en comunicaci\u00f3n debe ser \u00fanica. Necesitamos la comunicaci\u00f3n estrat\u00e9gica para dar visibilidad a nuestras fortalezas y trabajar nuestras debilidades, porque nos ayuda a crecer, a ser m\u00e1s competitivos y a hacernos visibles.\" \/>\n<meta name=\"robots\" content=\"index, follow, max-snippet:-1, max-image-preview:large, max-video-preview:-1\" \/>\n<link rel=\"canonical\" href=\"https:\/\/bonaimatge.com\/estrategia-en-comunicacio-unica\/\" \/>\n<meta property=\"og:locale\" content=\"es_ES\" \/>\n<meta property=\"og:type\" content=\"article\" \/>\n<meta property=\"og:title\" content=\"\u00bfCual es tu traje a medida de la comunicaci\u00f3n? - Bonaimatge\" \/>\n<meta property=\"og:description\" content=\"La estrategia en comunicaci\u00f3n debe ser \u00fanica. Necesitamos la comunicaci\u00f3n estrat\u00e9gica para dar visibilidad a nuestras fortalezas y trabajar nuestras debilidades, porque nos ayuda a crecer, a ser m\u00e1s competitivos y a hacernos visibles.\" \/>\n<meta property=\"og:url\" content=\"https:\/\/bonaimatge.com\/estrategia-en-comunicacio-unica\/\" \/>\n<meta property=\"og:site_name\" content=\"Bonaimatge\" \/>\n<meta property=\"article:published_time\" content=\"2020-02-17T07:30:19+00:00\" \/>\n<meta property=\"og:image\" content=\"https:\/\/bonaimatge.com\/wp-content\/uploads\/2020\/02\/man-and-woman-leaning-on-table-staring-at-white-board-on-top-3205570-1-1024x684.jpg\" \/>\n\t<meta property=\"og:image:width\" content=\"1024\" \/>\n\t<meta property=\"og:image:height\" content=\"684\" \/>\n\t<meta property=\"og:image:type\" content=\"image\/jpeg\" \/>\n<meta name=\"author\" content=\"M\u00f2nica Carrasco\" \/>\n<meta name=\"twitter:card\" content=\"summary_large_image\" \/>\n<meta name=\"twitter:label1\" content=\"Escrito por\" \/>\n\t<meta name=\"twitter:data1\" content=\"M\u00f2nica Carrasco\" \/>\n\t<meta name=\"twitter:label2\" content=\"Tiempo de lectura\" \/>\n\t<meta name=\"twitter:data2\" content=\"1 minuto\" \/>\n<script type=\"application\/ld+json\" class=\"yoast-schema-graph\">{\"@context\":\"https:\/\/schema.org\",\"@graph\":[{\"@type\":\"WebPage\",\"@id\":\"https:\/\/bonaimatge.com\/estrategia-en-comunicacio-unica\/\",\"url\":\"https:\/\/bonaimatge.com\/estrategia-en-comunicacio-unica\/\",\"name\":\"\u00bfCual es tu traje a medida de la comunicaci\u00f3n? - Bonaimatge\",\"isPartOf\":{\"@id\":\"https:\/\/bonaimatge.com\/#website\"},\"primaryImageOfPage\":{\"@id\":\"https:\/\/bonaimatge.com\/estrategia-en-comunicacio-unica\/#primaryimage\"},\"image\":{\"@id\":\"https:\/\/bonaimatge.com\/estrategia-en-comunicacio-unica\/#primaryimage\"},\"thumbnailUrl\":\"https:\/\/bonaimatge.com\/wp-content\/uploads\/2020\/02\/man-and-woman-leaning-on-table-staring-at-white-board-on-top-3205570-1.jpg\",\"datePublished\":\"2020-02-17T07:30:19+00:00\",\"author\":{\"@id\":\"https:\/\/bonaimatge.com\/#\/schema\/person\/ff45c3416462786681260eea5ed5ee99\"},\"description\":\"La estrategia en comunicaci\u00f3n debe ser \u00fanica. Necesitamos la comunicaci\u00f3n estrat\u00e9gica para dar visibilidad a nuestras fortalezas y trabajar nuestras debilidades, porque nos ayuda a crecer, a ser m\u00e1s competitivos y a hacernos visibles.\",\"breadcrumb\":{\"@id\":\"https:\/\/bonaimatge.com\/estrategia-en-comunicacio-unica\/#breadcrumb\"},\"inLanguage\":\"es\",\"potentialAction\":[{\"@type\":\"ReadAction\",\"target\":[\"https:\/\/bonaimatge.com\/estrategia-en-comunicacio-unica\/\"]}]},{\"@type\":\"ImageObject\",\"inLanguage\":\"es\",\"@id\":\"https:\/\/bonaimatge.com\/estrategia-en-comunicacio-unica\/#primaryimage\",\"url\":\"https:\/\/bonaimatge.com\/wp-content\/uploads\/2020\/02\/man-and-woman-leaning-on-table-staring-at-white-board-on-top-3205570-1.jpg\",\"contentUrl\":\"https:\/\/bonaimatge.com\/wp-content\/uploads\/2020\/02\/man-and-woman-leaning-on-table-staring-at-white-board-on-top-3205570-1.jpg\",\"width\":2560,\"height\":1710,\"caption\":\"La comunicaci\u00f3 corporativa \u00e9s una eina estrat\u00e8gica per ser m\u00e9s competitius\"},{\"@type\":\"BreadcrumbList\",\"@id\":\"https:\/\/bonaimatge.com\/estrategia-en-comunicacio-unica\/#breadcrumb\",\"itemListElement\":[{\"@type\":\"ListItem\",\"position\":1,\"name\":\"Inici\",\"item\":\"https:\/\/bonaimatge.com\/es\/\"},{\"@type\":\"ListItem\",\"position\":2,\"name\":\"\u00bfCual es tu traje a medida de la comunicaci\u00f3n?\"}]},{\"@type\":\"WebSite\",\"@id\":\"https:\/\/bonaimatge.com\/#website\",\"url\":\"https:\/\/bonaimatge.com\/\",\"name\":\"Bonaimatge\",\"description\":\"Comunicaci\u00f3\",\"potentialAction\":[{\"@type\":\"SearchAction\",\"target\":{\"@type\":\"EntryPoint\",\"urlTemplate\":\"https:\/\/bonaimatge.com\/?s={search_term_string}\"},\"query-input\":{\"@type\":\"PropertyValueSpecification\",\"valueRequired\":true,\"valueName\":\"search_term_string\"}}],\"inLanguage\":\"es\"},{\"@type\":\"Person\",\"@id\":\"https:\/\/bonaimatge.com\/#\/schema\/person\/ff45c3416462786681260eea5ed5ee99\",\"name\":\"M\u00f2nica Carrasco\",\"image\":{\"@type\":\"ImageObject\",\"inLanguage\":\"es\",\"@id\":\"https:\/\/bonaimatge.com\/#\/schema\/person\/image\/\",\"url\":\"https:\/\/secure.gravatar.com\/avatar\/134d5c768f5d8ccf3d64439038057777d3b0833adbf1bb30e5c4336e200516f6?s=96&d=mm&r=g\",\"contentUrl\":\"https:\/\/secure.gravatar.com\/avatar\/134d5c768f5d8ccf3d64439038057777d3b0833adbf1bb30e5c4336e200516f6?s=96&d=mm&r=g\",\"caption\":\"M\u00f2nica Carrasco\"},\"url\":\"https:\/\/bonaimatge.com\/es\/author\/marina-troyano\/\"}]}<\/script>\n<!-- \/ Yoast SEO plugin. -->","yoast_head_json":{"title":"\u00bfCual es tu traje a medida de la comunicaci\u00f3n? - Bonaimatge","description":"La estrategia en comunicaci\u00f3n debe ser \u00fanica. Necesitamos la comunicaci\u00f3n estrat\u00e9gica para dar visibilidad a nuestras fortalezas y trabajar nuestras debilidades, porque nos ayuda a crecer, a ser m\u00e1s competitivos y a hacernos visibles.","robots":{"index":"index","follow":"follow","max-snippet":"max-snippet:-1","max-image-preview":"max-image-preview:large","max-video-preview":"max-video-preview:-1"},"canonical":"https:\/\/bonaimatge.com\/estrategia-en-comunicacio-unica\/","og_locale":"es_ES","og_type":"article","og_title":"\u00bfCual es tu traje a medida de la comunicaci\u00f3n? - Bonaimatge","og_description":"La estrategia en comunicaci\u00f3n debe ser \u00fanica. Necesitamos la comunicaci\u00f3n estrat\u00e9gica para dar visibilidad a nuestras fortalezas y trabajar nuestras debilidades, porque nos ayuda a crecer, a ser m\u00e1s competitivos y a hacernos visibles.","og_url":"https:\/\/bonaimatge.com\/estrategia-en-comunicacio-unica\/","og_site_name":"Bonaimatge","article_published_time":"2020-02-17T07:30:19+00:00","og_image":[{"width":1024,"height":684,"url":"https:\/\/bonaimatge.com\/wp-content\/uploads\/2020\/02\/man-and-woman-leaning-on-table-staring-at-white-board-on-top-3205570-1-1024x684.jpg","type":"image\/jpeg"}],"author":"M\u00f2nica Carrasco","twitter_card":"summary_large_image","twitter_misc":{"Escrito por":"M\u00f2nica Carrasco","Tiempo de lectura":"1 minuto"},"schema":{"@context":"https:\/\/schema.org","@graph":[{"@type":"WebPage","@id":"https:\/\/bonaimatge.com\/estrategia-en-comunicacio-unica\/","url":"https:\/\/bonaimatge.com\/estrategia-en-comunicacio-unica\/","name":"\u00bfCual es tu traje a medida de la comunicaci\u00f3n? - Bonaimatge","isPartOf":{"@id":"https:\/\/bonaimatge.com\/#website"},"primaryImageOfPage":{"@id":"https:\/\/bonaimatge.com\/estrategia-en-comunicacio-unica\/#primaryimage"},"image":{"@id":"https:\/\/bonaimatge.com\/estrategia-en-comunicacio-unica\/#primaryimage"},"thumbnailUrl":"https:\/\/bonaimatge.com\/wp-content\/uploads\/2020\/02\/man-and-woman-leaning-on-table-staring-at-white-board-on-top-3205570-1.jpg","datePublished":"2020-02-17T07:30:19+00:00","author":{"@id":"https:\/\/bonaimatge.com\/#\/schema\/person\/ff45c3416462786681260eea5ed5ee99"},"description":"La estrategia en comunicaci\u00f3n debe ser \u00fanica. Necesitamos la comunicaci\u00f3n estrat\u00e9gica para dar visibilidad a nuestras fortalezas y trabajar nuestras debilidades, porque nos ayuda a crecer, a ser m\u00e1s competitivos y a hacernos visibles.","breadcrumb":{"@id":"https:\/\/bonaimatge.com\/estrategia-en-comunicacio-unica\/#breadcrumb"},"inLanguage":"es","potentialAction":[{"@type":"ReadAction","target":["https:\/\/bonaimatge.com\/estrategia-en-comunicacio-unica\/"]}]},{"@type":"ImageObject","inLanguage":"es","@id":"https:\/\/bonaimatge.com\/estrategia-en-comunicacio-unica\/#primaryimage","url":"https:\/\/bonaimatge.com\/wp-content\/uploads\/2020\/02\/man-and-woman-leaning-on-table-staring-at-white-board-on-top-3205570-1.jpg","contentUrl":"https:\/\/bonaimatge.com\/wp-content\/uploads\/2020\/02\/man-and-woman-leaning-on-table-staring-at-white-board-on-top-3205570-1.jpg","width":2560,"height":1710,"caption":"La comunicaci\u00f3 corporativa \u00e9s una eina estrat\u00e8gica per ser m\u00e9s competitius"},{"@type":"BreadcrumbList","@id":"https:\/\/bonaimatge.com\/estrategia-en-comunicacio-unica\/#breadcrumb","itemListElement":[{"@type":"ListItem","position":1,"name":"Inici","item":"https:\/\/bonaimatge.com\/es\/"},{"@type":"ListItem","position":2,"name":"\u00bfCual es tu traje a medida de la comunicaci\u00f3n?"}]},{"@type":"WebSite","@id":"https:\/\/bonaimatge.com\/#website","url":"https:\/\/bonaimatge.com\/","name":"Bonaimatge","description":"Comunicaci\u00f3","potentialAction":[{"@type":"SearchAction","target":{"@type":"EntryPoint","urlTemplate":"https:\/\/bonaimatge.com\/?s={search_term_string}"},"query-input":{"@type":"PropertyValueSpecification","valueRequired":true,"valueName":"search_term_string"}}],"inLanguage":"es"},{"@type":"Person","@id":"https:\/\/bonaimatge.com\/#\/schema\/person\/ff45c3416462786681260eea5ed5ee99","name":"M\u00f2nica Carrasco","image":{"@type":"ImageObject","inLanguage":"es","@id":"https:\/\/bonaimatge.com\/#\/schema\/person\/image\/","url":"https:\/\/secure.gravatar.com\/avatar\/134d5c768f5d8ccf3d64439038057777d3b0833adbf1bb30e5c4336e200516f6?s=96&d=mm&r=g","contentUrl":"https:\/\/secure.gravatar.com\/avatar\/134d5c768f5d8ccf3d64439038057777d3b0833adbf1bb30e5c4336e200516f6?s=96&d=mm&r=g","caption":"M\u00f2nica Carrasco"},"url":"https:\/\/bonaimatge.com\/es\/author\/marina-troyano\/"}]}},"_links":{"self":[{"href":"https:\/\/bonaimatge.com\/es\/wp-json\/wp\/v2\/posts\/1614","targetHints":{"allow":["GET"]}}],"collection":[{"href":"https:\/\/bonaimatge.com\/es\/wp-json\/wp\/v2\/posts"}],"about":[{"href":"https:\/\/bonaimatge.com\/es\/wp-json\/wp\/v2\/types\/post"}],"author":[{"embeddable":true,"href":"https:\/\/bonaimatge.com\/es\/wp-json\/wp\/v2\/users\/4"}],"replies":[{"embeddable":true,"href":"https:\/\/bonaimatge.com\/es\/wp-json\/wp\/v2\/comments?post=1614"}],"version-history":[{"count":5,"href":"https:\/\/bonaimatge.com\/es\/wp-json\/wp\/v2\/posts\/1614\/revisions"}],"predecessor-version":[{"id":1622,"href":"https:\/\/bonaimatge.com\/es\/wp-json\/wp\/v2\/posts\/1614\/revisions\/1622"}],"wp:featuredmedia":[{"embeddable":true,"href":"https:\/\/bonaimatge.com\/es\/wp-json\/wp\/v2\/media\/1609"}],"wp:attachment":[{"href":"https:\/\/bonaimatge.com\/es\/wp-json\/wp\/v2\/media?parent=1614"}],"wp:term":[{"taxonomy":"category","embeddable":true,"href":"https:\/\/bonaimatge.com\/es\/wp-json\/wp\/v2\/categories?post=1614"},{"taxonomy":"post_tag","embeddable":true,"href":"https:\/\/bonaimatge.com\/es\/wp-json\/wp\/v2\/tags?post=1614"}],"curies":[{"name":"wp","href":"https:\/\/api.w.org\/{rel}","templated":true}]}}