{"id":1825,"date":"2020-05-15T16:25:27","date_gmt":"2020-05-15T14:25:27","guid":{"rendered":"https:\/\/bonaimatge.com\/el-valor-de-la-nota-de-premsa-en-lestrategia-comunicativa\/"},"modified":"2020-05-15T16:48:15","modified_gmt":"2020-05-15T14:48:15","slug":"el-valor-de-la-nota-de-prensa-en-la-estrategia-comunicativa","status":"publish","type":"post","link":"https:\/\/bonaimatge.com\/es\/el-valor-de-la-nota-de-prensa-en-la-estrategia-comunicativa\/","title":{"rendered":"El valor de la nota de prensa en la estrategia comunicativa"},"content":{"rendered":"<p>La nota de prensa nos resulta muy \u00fatil para comunicar cualquier acci\u00f3n o determinaci\u00f3n de una organizaci\u00f3n, pero redactarla no resulta sencillo. Hay que tener en cuenta a quien nos dirigimos y que queremos conseguir, as\u00ed como,\u00a0sobre todo, captar la atenci\u00f3n de los medios para que publiquen sobre nosotros.<\/p>\n<p>Es importante medir la cantidad de notas de prensa que se env\u00edan, no se puede hacer una cada vez que se quiere destacar un aspecto de la empresa, porque perder\u00edan su fuerza y eficacia. Hay que encontrar el equilibrio y hacer difusi\u00f3n de aquello realmente importante, como un producto nuevo o un cambio relevante.<\/p>\n<p>&nbsp;<\/p>\n<h3>\u00bfY cu\u00e1ndo hay que hacer una nota?<\/h3>\n<p>Puede ser complicado saber cuando es necesario hacer y enviar una nota de prensa y cuando no, sobre todo si la organizaci\u00f3n en cuesti\u00f3n no cuenta con la ayuda de <a href=\"https:\/\/bonaimatge.com\/es\/contacto\/\">profesionales de la comunicaci\u00f3n<\/a> dentro o fuera de la plantilla. Por lo tanto, es recomendable contar con los servicios de expertos en comunicaci\u00f3n si existe la intenci\u00f3n de enviar una nota de prensa relevante o usar esta herramienta de forma regular. De esta manera se consigue asesoramiento sobre cuando es el mejor momento de realizar la nota, redactarla y asegurar su recorrido por los medios.<\/p>\n<p>Algunas de\u00a0la situaci\u00f3n\u00a0m\u00e1s habituales que\u00a0requieren\u00a0de una nota de\u00a0prensa, para garantizar ciertos beneficios comunicativos y\u00a0repercusi\u00f3n, son el lanzamiento de nuevos productos o servicios, para darlos a conocer, tambi\u00e9n los cambios estructurales de la organizaci\u00f3n o de resultados significativos de la empresa y cuando se organiza o se asiste a\u00a0alg\u00fan\u00a0evento, tanto para anunciar la presencia a una feria, como para invitar al\u00a0p\u00fablico\u00a0a un acto especial, por ejemplo.<\/p>\n<p><img decoding=\"async\" class=\"alignnone size-full wp-image-1820\" src=\"https:\/\/bonaimatge.com\/wp-content\/uploads\/2020\/05\/man-using-stylus-pen-for-touching-the-digital-tablet-screen-6335-scaled.jpg\" alt=\"EL VALOR DE LA NOTA DE PREMSA\" width=\"2560\" height=\"1707\" srcset=\"https:\/\/bonaimatge.com\/wp-content\/uploads\/2020\/05\/man-using-stylus-pen-for-touching-the-digital-tablet-screen-6335-200x133.jpg 200w, https:\/\/bonaimatge.com\/wp-content\/uploads\/2020\/05\/man-using-stylus-pen-for-touching-the-digital-tablet-screen-6335-300x200.jpg 300w, https:\/\/bonaimatge.com\/wp-content\/uploads\/2020\/05\/man-using-stylus-pen-for-touching-the-digital-tablet-screen-6335-400x267.jpg 400w, https:\/\/bonaimatge.com\/wp-content\/uploads\/2020\/05\/man-using-stylus-pen-for-touching-the-digital-tablet-screen-6335-600x400.jpg 600w, https:\/\/bonaimatge.com\/wp-content\/uploads\/2020\/05\/man-using-stylus-pen-for-touching-the-digital-tablet-screen-6335-768x512.jpg 768w, https:\/\/bonaimatge.com\/wp-content\/uploads\/2020\/05\/man-using-stylus-pen-for-touching-the-digital-tablet-screen-6335-800x533.jpg 800w, https:\/\/bonaimatge.com\/wp-content\/uploads\/2020\/05\/man-using-stylus-pen-for-touching-the-digital-tablet-screen-6335-1024x683.jpg 1024w, https:\/\/bonaimatge.com\/wp-content\/uploads\/2020\/05\/man-using-stylus-pen-for-touching-the-digital-tablet-screen-6335-1200x800.jpg 1200w, https:\/\/bonaimatge.com\/wp-content\/uploads\/2020\/05\/man-using-stylus-pen-for-touching-the-digital-tablet-screen-6335-1536x1024.jpg 1536w, https:\/\/bonaimatge.com\/wp-content\/uploads\/2020\/05\/man-using-stylus-pen-for-touching-the-digital-tablet-screen-6335-scaled.jpg 2560w\" sizes=\"(max-width: 2560px) 100vw, 2560px\" \/><\/p>\n<h3>\u00bfCu\u00e1l es la verdadera problem\u00e1tica?<\/h3>\n<p>Si las notas de prensa son tan\u00a0\u00fatiles, \u00bfpor\u00a0qu\u00e9\u00a0no todo el mundo las\u00a0env\u00eda? El problema es que resulta complicado destacar entre todas las notas de prensa que reciben los medios cada\u00a0d\u00eda, as\u00ed como lo es redactar una que llegue de forma efectiva a clientes o al\u00a0p\u00fablico\u00a0deseado. Por lo tanto, todo en la nota debe estar medido y planificado para no caer en el olvido o ser eliminada antes de abrir. Otra\u00a0problem\u00e1tica\u00a0que se encuentra una empresa cuando quiere hacer\u00a0difusi\u00f3n\u00a0de una nota de prensa es contar con los contactos adecuados para que llegue a buen puerto. No sirve de nada hacer un\u00a0env\u00edo\u00a0masivo si se hace a los correos inadecuados o no se puede realizar un seguimiento\u00a0exhaustivo\u00a0de la nota.<\/p>\n","protected":false},"excerpt":{"rendered":"<p>La nota de prensa nos resulta muy \u00fatil para comunicar cualquier acci\u00f3n o determinaci\u00f3n de una organizaci\u00f3n, pero redactarla no resulta sencillo. Hay que tener en cuenta a quien nos dirigimos y que queremos conseguir, [&hellip;]<\/p>\n","protected":false},"author":4,"featured_media":1819,"comment_status":"open","ping_status":"closed","sticky":false,"template":"","format":"standard","meta":{"footnotes":""},"categories":[15],"tags":[40,45,41],"class_list":["post-1825","post","type-post","status-publish","format-standard","has-post-thumbnail","hentry","category-sin-categorizar","tag-comunicacio-corporativa-es","tag-comunicacion-corporativa-es","tag-estrategia-es"],"yoast_head":"<!-- This site is optimized with the Yoast SEO plugin v25.8 - https:\/\/yoast.com\/wordpress\/plugins\/seo\/ -->\n<title>El valor de la nota de prensa en la estrategia comunicativa - Bonaimatge<\/title>\n<meta name=\"description\" content=\"Es muy \u00fatil para comunicar cualquier acci\u00f3n o determinaci\u00f3n de una organizaci\u00f3n, pero redactarla no resulta f\u00e1cil. \u00bfComo captar la atenci\u00f3n de los medios?\" \/>\n<meta name=\"robots\" content=\"index, follow, max-snippet:-1, max-image-preview:large, max-video-preview:-1\" \/>\n<link rel=\"canonical\" href=\"https:\/\/bonaimatge.com\/el-valor-de-la-nota-de-premsa-en-lestrategia-comunicativa\/\" \/>\n<meta property=\"og:locale\" content=\"es_ES\" \/>\n<meta property=\"og:type\" content=\"article\" \/>\n<meta property=\"og:title\" content=\"El valor de la nota de prensa en la estrategia comunicativa - Bonaimatge\" \/>\n<meta property=\"og:description\" content=\"Es muy \u00fatil para comunicar cualquier acci\u00f3n o determinaci\u00f3n de una organizaci\u00f3n, pero redactarla no resulta f\u00e1cil. \u00bfComo captar la atenci\u00f3n de los medios?\" \/>\n<meta property=\"og:url\" content=\"https:\/\/bonaimatge.com\/el-valor-de-la-nota-de-premsa-en-lestrategia-comunicativa\/\" \/>\n<meta property=\"og:site_name\" content=\"Bonaimatge\" \/>\n<meta property=\"article:published_time\" content=\"2020-05-15T14:25:27+00:00\" \/>\n<meta property=\"article:modified_time\" content=\"2020-05-15T14:48:15+00:00\" \/>\n<meta property=\"og:image\" content=\"https:\/\/bonaimatge.com\/wp-content\/uploads\/2020\/05\/girl-reading-a-newspaper-6214-1024x683.jpg\" \/>\n\t<meta property=\"og:image:width\" content=\"1024\" \/>\n\t<meta property=\"og:image:height\" content=\"683\" \/>\n\t<meta property=\"og:image:type\" content=\"image\/jpeg\" \/>\n<meta name=\"author\" content=\"M\u00f2nica Carrasco\" \/>\n<meta name=\"twitter:card\" content=\"summary_large_image\" \/>\n<meta name=\"twitter:label1\" content=\"Escrito por\" \/>\n\t<meta name=\"twitter:data1\" content=\"M\u00f2nica Carrasco\" \/>\n\t<meta name=\"twitter:label2\" content=\"Tiempo de lectura\" \/>\n\t<meta name=\"twitter:data2\" content=\"2 minutos\" \/>\n<script type=\"application\/ld+json\" class=\"yoast-schema-graph\">{\"@context\":\"https:\/\/schema.org\",\"@graph\":[{\"@type\":\"WebPage\",\"@id\":\"https:\/\/bonaimatge.com\/el-valor-de-la-nota-de-premsa-en-lestrategia-comunicativa\/\",\"url\":\"https:\/\/bonaimatge.com\/el-valor-de-la-nota-de-premsa-en-lestrategia-comunicativa\/\",\"name\":\"El valor de la nota de prensa en la estrategia comunicativa - Bonaimatge\",\"isPartOf\":{\"@id\":\"https:\/\/bonaimatge.com\/#website\"},\"primaryImageOfPage\":{\"@id\":\"https:\/\/bonaimatge.com\/el-valor-de-la-nota-de-premsa-en-lestrategia-comunicativa\/#primaryimage\"},\"image\":{\"@id\":\"https:\/\/bonaimatge.com\/el-valor-de-la-nota-de-premsa-en-lestrategia-comunicativa\/#primaryimage\"},\"thumbnailUrl\":\"https:\/\/bonaimatge.com\/wp-content\/uploads\/2020\/05\/girl-reading-a-newspaper-6214.jpg\",\"datePublished\":\"2020-05-15T14:25:27+00:00\",\"dateModified\":\"2020-05-15T14:48:15+00:00\",\"author\":{\"@id\":\"https:\/\/bonaimatge.com\/#\/schema\/person\/ff45c3416462786681260eea5ed5ee99\"},\"description\":\"Es muy \u00fatil para comunicar cualquier acci\u00f3n o determinaci\u00f3n de una organizaci\u00f3n, pero redactarla no resulta f\u00e1cil. \u00bfComo captar la atenci\u00f3n de los medios?\",\"breadcrumb\":{\"@id\":\"https:\/\/bonaimatge.com\/el-valor-de-la-nota-de-premsa-en-lestrategia-comunicativa\/#breadcrumb\"},\"inLanguage\":\"es\",\"potentialAction\":[{\"@type\":\"ReadAction\",\"target\":[\"https:\/\/bonaimatge.com\/el-valor-de-la-nota-de-premsa-en-lestrategia-comunicativa\/\"]}]},{\"@type\":\"ImageObject\",\"inLanguage\":\"es\",\"@id\":\"https:\/\/bonaimatge.com\/el-valor-de-la-nota-de-premsa-en-lestrategia-comunicativa\/#primaryimage\",\"url\":\"https:\/\/bonaimatge.com\/wp-content\/uploads\/2020\/05\/girl-reading-a-newspaper-6214.jpg\",\"contentUrl\":\"https:\/\/bonaimatge.com\/wp-content\/uploads\/2020\/05\/girl-reading-a-newspaper-6214.jpg\",\"width\":2560,\"height\":1707,\"caption\":\"EL VALOR DE LA NOTA DE PREMSA\"},{\"@type\":\"BreadcrumbList\",\"@id\":\"https:\/\/bonaimatge.com\/el-valor-de-la-nota-de-premsa-en-lestrategia-comunicativa\/#breadcrumb\",\"itemListElement\":[{\"@type\":\"ListItem\",\"position\":1,\"name\":\"Inici\",\"item\":\"https:\/\/bonaimatge.com\/es\/\"},{\"@type\":\"ListItem\",\"position\":2,\"name\":\"El valor de la nota de prensa en la estrategia comunicativa\"}]},{\"@type\":\"WebSite\",\"@id\":\"https:\/\/bonaimatge.com\/#website\",\"url\":\"https:\/\/bonaimatge.com\/\",\"name\":\"Bonaimatge\",\"description\":\"Comunicaci\u00f3\",\"potentialAction\":[{\"@type\":\"SearchAction\",\"target\":{\"@type\":\"EntryPoint\",\"urlTemplate\":\"https:\/\/bonaimatge.com\/?s={search_term_string}\"},\"query-input\":{\"@type\":\"PropertyValueSpecification\",\"valueRequired\":true,\"valueName\":\"search_term_string\"}}],\"inLanguage\":\"es\"},{\"@type\":\"Person\",\"@id\":\"https:\/\/bonaimatge.com\/#\/schema\/person\/ff45c3416462786681260eea5ed5ee99\",\"name\":\"M\u00f2nica Carrasco\",\"image\":{\"@type\":\"ImageObject\",\"inLanguage\":\"es\",\"@id\":\"https:\/\/bonaimatge.com\/#\/schema\/person\/image\/\",\"url\":\"https:\/\/secure.gravatar.com\/avatar\/134d5c768f5d8ccf3d64439038057777d3b0833adbf1bb30e5c4336e200516f6?s=96&d=mm&r=g\",\"contentUrl\":\"https:\/\/secure.gravatar.com\/avatar\/134d5c768f5d8ccf3d64439038057777d3b0833adbf1bb30e5c4336e200516f6?s=96&d=mm&r=g\",\"caption\":\"M\u00f2nica Carrasco\"},\"url\":\"https:\/\/bonaimatge.com\/es\/author\/marina-troyano\/\"}]}<\/script>\n<!-- \/ Yoast SEO plugin. -->","yoast_head_json":{"title":"El valor de la nota de prensa en la estrategia comunicativa - Bonaimatge","description":"Es muy \u00fatil para comunicar cualquier acci\u00f3n o determinaci\u00f3n de una organizaci\u00f3n, pero redactarla no resulta f\u00e1cil. \u00bfComo captar la atenci\u00f3n de los medios?","robots":{"index":"index","follow":"follow","max-snippet":"max-snippet:-1","max-image-preview":"max-image-preview:large","max-video-preview":"max-video-preview:-1"},"canonical":"https:\/\/bonaimatge.com\/el-valor-de-la-nota-de-premsa-en-lestrategia-comunicativa\/","og_locale":"es_ES","og_type":"article","og_title":"El valor de la nota de prensa en la estrategia comunicativa - Bonaimatge","og_description":"Es muy \u00fatil para comunicar cualquier acci\u00f3n o determinaci\u00f3n de una organizaci\u00f3n, pero redactarla no resulta f\u00e1cil. \u00bfComo captar la atenci\u00f3n de los medios?","og_url":"https:\/\/bonaimatge.com\/el-valor-de-la-nota-de-premsa-en-lestrategia-comunicativa\/","og_site_name":"Bonaimatge","article_published_time":"2020-05-15T14:25:27+00:00","article_modified_time":"2020-05-15T14:48:15+00:00","og_image":[{"width":1024,"height":683,"url":"https:\/\/bonaimatge.com\/wp-content\/uploads\/2020\/05\/girl-reading-a-newspaper-6214-1024x683.jpg","type":"image\/jpeg"}],"author":"M\u00f2nica Carrasco","twitter_card":"summary_large_image","twitter_misc":{"Escrito por":"M\u00f2nica Carrasco","Tiempo de lectura":"2 minutos"},"schema":{"@context":"https:\/\/schema.org","@graph":[{"@type":"WebPage","@id":"https:\/\/bonaimatge.com\/el-valor-de-la-nota-de-premsa-en-lestrategia-comunicativa\/","url":"https:\/\/bonaimatge.com\/el-valor-de-la-nota-de-premsa-en-lestrategia-comunicativa\/","name":"El valor de la nota de prensa en la estrategia comunicativa - Bonaimatge","isPartOf":{"@id":"https:\/\/bonaimatge.com\/#website"},"primaryImageOfPage":{"@id":"https:\/\/bonaimatge.com\/el-valor-de-la-nota-de-premsa-en-lestrategia-comunicativa\/#primaryimage"},"image":{"@id":"https:\/\/bonaimatge.com\/el-valor-de-la-nota-de-premsa-en-lestrategia-comunicativa\/#primaryimage"},"thumbnailUrl":"https:\/\/bonaimatge.com\/wp-content\/uploads\/2020\/05\/girl-reading-a-newspaper-6214.jpg","datePublished":"2020-05-15T14:25:27+00:00","dateModified":"2020-05-15T14:48:15+00:00","author":{"@id":"https:\/\/bonaimatge.com\/#\/schema\/person\/ff45c3416462786681260eea5ed5ee99"},"description":"Es muy \u00fatil para comunicar cualquier acci\u00f3n o determinaci\u00f3n de una organizaci\u00f3n, pero redactarla no resulta f\u00e1cil. \u00bfComo captar la atenci\u00f3n de los medios?","breadcrumb":{"@id":"https:\/\/bonaimatge.com\/el-valor-de-la-nota-de-premsa-en-lestrategia-comunicativa\/#breadcrumb"},"inLanguage":"es","potentialAction":[{"@type":"ReadAction","target":["https:\/\/bonaimatge.com\/el-valor-de-la-nota-de-premsa-en-lestrategia-comunicativa\/"]}]},{"@type":"ImageObject","inLanguage":"es","@id":"https:\/\/bonaimatge.com\/el-valor-de-la-nota-de-premsa-en-lestrategia-comunicativa\/#primaryimage","url":"https:\/\/bonaimatge.com\/wp-content\/uploads\/2020\/05\/girl-reading-a-newspaper-6214.jpg","contentUrl":"https:\/\/bonaimatge.com\/wp-content\/uploads\/2020\/05\/girl-reading-a-newspaper-6214.jpg","width":2560,"height":1707,"caption":"EL VALOR DE LA NOTA DE PREMSA"},{"@type":"BreadcrumbList","@id":"https:\/\/bonaimatge.com\/el-valor-de-la-nota-de-premsa-en-lestrategia-comunicativa\/#breadcrumb","itemListElement":[{"@type":"ListItem","position":1,"name":"Inici","item":"https:\/\/bonaimatge.com\/es\/"},{"@type":"ListItem","position":2,"name":"El valor de la nota de prensa en la estrategia comunicativa"}]},{"@type":"WebSite","@id":"https:\/\/bonaimatge.com\/#website","url":"https:\/\/bonaimatge.com\/","name":"Bonaimatge","description":"Comunicaci\u00f3","potentialAction":[{"@type":"SearchAction","target":{"@type":"EntryPoint","urlTemplate":"https:\/\/bonaimatge.com\/?s={search_term_string}"},"query-input":{"@type":"PropertyValueSpecification","valueRequired":true,"valueName":"search_term_string"}}],"inLanguage":"es"},{"@type":"Person","@id":"https:\/\/bonaimatge.com\/#\/schema\/person\/ff45c3416462786681260eea5ed5ee99","name":"M\u00f2nica Carrasco","image":{"@type":"ImageObject","inLanguage":"es","@id":"https:\/\/bonaimatge.com\/#\/schema\/person\/image\/","url":"https:\/\/secure.gravatar.com\/avatar\/134d5c768f5d8ccf3d64439038057777d3b0833adbf1bb30e5c4336e200516f6?s=96&d=mm&r=g","contentUrl":"https:\/\/secure.gravatar.com\/avatar\/134d5c768f5d8ccf3d64439038057777d3b0833adbf1bb30e5c4336e200516f6?s=96&d=mm&r=g","caption":"M\u00f2nica Carrasco"},"url":"https:\/\/bonaimatge.com\/es\/author\/marina-troyano\/"}]}},"_links":{"self":[{"href":"https:\/\/bonaimatge.com\/es\/wp-json\/wp\/v2\/posts\/1825","targetHints":{"allow":["GET"]}}],"collection":[{"href":"https:\/\/bonaimatge.com\/es\/wp-json\/wp\/v2\/posts"}],"about":[{"href":"https:\/\/bonaimatge.com\/es\/wp-json\/wp\/v2\/types\/post"}],"author":[{"embeddable":true,"href":"https:\/\/bonaimatge.com\/es\/wp-json\/wp\/v2\/users\/4"}],"replies":[{"embeddable":true,"href":"https:\/\/bonaimatge.com\/es\/wp-json\/wp\/v2\/comments?post=1825"}],"version-history":[{"count":4,"href":"https:\/\/bonaimatge.com\/es\/wp-json\/wp\/v2\/posts\/1825\/revisions"}],"predecessor-version":[{"id":1831,"href":"https:\/\/bonaimatge.com\/es\/wp-json\/wp\/v2\/posts\/1825\/revisions\/1831"}],"wp:featuredmedia":[{"embeddable":true,"href":"https:\/\/bonaimatge.com\/es\/wp-json\/wp\/v2\/media\/1819"}],"wp:attachment":[{"href":"https:\/\/bonaimatge.com\/es\/wp-json\/wp\/v2\/media?parent=1825"}],"wp:term":[{"taxonomy":"category","embeddable":true,"href":"https:\/\/bonaimatge.com\/es\/wp-json\/wp\/v2\/categories?post=1825"},{"taxonomy":"post_tag","embeddable":true,"href":"https:\/\/bonaimatge.com\/es\/wp-json\/wp\/v2\/tags?post=1825"}],"curies":[{"name":"wp","href":"https:\/\/api.w.org\/{rel}","templated":true}]}}