{"id":1868,"date":"2020-06-13T13:58:09","date_gmt":"2020-06-13T11:58:09","guid":{"rendered":"https:\/\/bonaimatge.com\/quan-necessites-una-agencia-de-relacions-publiques\/"},"modified":"2020-06-13T14:51:24","modified_gmt":"2020-06-13T12:51:24","slug":"quan-necessites-una-agencia-de-relacions-publiques","status":"publish","type":"post","link":"https:\/\/bonaimatge.com\/es\/quan-necessites-una-agencia-de-relacions-publiques\/","title":{"rendered":"\u00bfCu\u00e1ndo necesitas una agencia de relaciones p\u00fablicas?"},"content":{"rendered":"<p>Uno de los retos m\u00e1s grandes a los que se enfrenta habitualmente una empresa, proyecto o entidad es la comunicaci\u00f3n. Esto que parece tan claro a veces no se valora lo suficiente. La comunicaci\u00f3n es uno de los ejes b\u00e1sicos para cualquier organizaci\u00f3n funcione internamente y externamente. Los profesionales en las relaciones p\u00fablicas trabajas ciertos \u00e1mbitos de la comunicaci\u00f3n que pueden resultar muy provechosos: gestionar eventos, cuidar y trabajar la reputaci\u00f3n digital y, principalmente, aportar una agenda de contactos que nos pueden servir para empezar proyectos, vender ideas o exportar servicios y productos, por ejemplo.<\/p>\n<p><img decoding=\"async\" class=\"alignnone size-full wp-image-1863\" src=\"https:\/\/bonaimatge.com\/wp-content\/uploads\/2020\/06\/blurry-photo-of-a-woman-977840-scaled.jpg\" alt=\"relacions p\u00fabliques\" width=\"2048\" height=\"2560\" srcset=\"https:\/\/bonaimatge.com\/wp-content\/uploads\/2020\/06\/blurry-photo-of-a-woman-977840-200x250.jpg 200w, https:\/\/bonaimatge.com\/wp-content\/uploads\/2020\/06\/blurry-photo-of-a-woman-977840-240x300.jpg 240w, https:\/\/bonaimatge.com\/wp-content\/uploads\/2020\/06\/blurry-photo-of-a-woman-977840-400x500.jpg 400w, https:\/\/bonaimatge.com\/wp-content\/uploads\/2020\/06\/blurry-photo-of-a-woman-977840-600x750.jpg 600w, https:\/\/bonaimatge.com\/wp-content\/uploads\/2020\/06\/blurry-photo-of-a-woman-977840-768x960.jpg 768w, https:\/\/bonaimatge.com\/wp-content\/uploads\/2020\/06\/blurry-photo-of-a-woman-977840-800x1000.jpg 800w, https:\/\/bonaimatge.com\/wp-content\/uploads\/2020\/06\/blurry-photo-of-a-woman-977840-819x1024.jpg 819w, https:\/\/bonaimatge.com\/wp-content\/uploads\/2020\/06\/blurry-photo-of-a-woman-977840-1200x1500.jpg 1200w, https:\/\/bonaimatge.com\/wp-content\/uploads\/2020\/06\/blurry-photo-of-a-woman-977840-1229x1536.jpg 1229w, https:\/\/bonaimatge.com\/wp-content\/uploads\/2020\/06\/blurry-photo-of-a-woman-977840-1638x2048.jpg 1638w, https:\/\/bonaimatge.com\/wp-content\/uploads\/2020\/06\/blurry-photo-of-a-woman-977840-scaled.jpg 2048w\" sizes=\"(max-width: 2048px) 100vw, 2048px\" \/><\/p>\n<h3>\u00bfQu\u00e9 aporta un profesional en las relaciones p\u00fablicas?<\/h3>\n<p>La celebraci\u00f3n de <strong>eventos<\/strong> no es un invento nuevo, pero no ha perdido su eficacia. Este tipo de acci\u00f3n nos puede aportar autoridad en el sector, al participar o crear ferias y congresos, pero tambi\u00e9n puede ayudarnos a trabajar el ambiente de trabajo y comunicaci\u00f3n interna entre las personas que forman el proyecto, generando, por ejemplo, jornadas deportivas o actividades para los trabajadores.<\/p>\n<p>Crear estos actos no es para nada un trabajo f\u00e1cil, hay muchas decisiones a tomar e incluso considerar la idoneidad de la propuesta. Tambi\u00e9n hay que trabajar el p\u00fablico a quien se dirige y decidir cual es el formato m\u00e1s \u00f3ptimo, as\u00ed como medir que objetivos se proponen y como conseguirlos. En este sentido puede resultar muy \u00fatil contar con la ayuda de <a href=\"https:\/\/bonaimatge.com\/es\/contacto\/\">profesionales<\/a>.<\/p>\n<p>En cuanto a la <strong>reputaci\u00f3n digital<\/strong>, los expertos en relaciones p\u00fablicas trabajan para mejorar la calidad de las interacciones con\u00a0el p\u00fablico digital. Con una mejor<a href=\"https:\/\/bonaimatge.com\/es\/quina-reputacio-online-tinc\/\"> reputaci\u00f3n<\/a> resulta m\u00e1s\u00a0sencillo\u00a0alcanzar objetivos como la venda de productos o el posicionamiento de la marca en un mercado en concreto.<\/p>\n<p>Uno de los puntos fuertes y clave de una agencia de relaciones\u00a0p\u00fablicas es su<strong> agenda de contactos<\/strong>. Un buen profesional puede conectar tu proyecto con las personas adecuadas para cada estrategia, desde\u00a0<em><span class=\"hiddenGrammarError\">influencers<\/span>\u00a0<\/em>para anunciar un producto en sus redes sociales, a personas clave en instituciones para empezar grandes proyectos.<\/p>\n<p>Cuando se conoce la relaci\u00f3n de beneficios que pueden aportar los profesionales en relaciones p\u00fablicas y comunicaci\u00f3n se ve clara la necesidad en ciertos momentos o aspectos de la vida de un proyecto. La gesti\u00f3n de la marca y como esta se presenta al mundo debe ser primordial para cualquier organizaci\u00f3n.<\/p>\n","protected":false},"excerpt":{"rendered":"<p>Uno de los retos m\u00e1s grandes a los que se enfrenta habitualmente una empresa, proyecto o entidad es la comunicaci\u00f3n. Esto que parece tan claro a veces no se valora lo suficiente. La comunicaci\u00f3n es [&hellip;]<\/p>\n","protected":false},"author":4,"featured_media":1866,"comment_status":"open","ping_status":"closed","sticky":false,"template":"","format":"standard","meta":{"footnotes":""},"categories":[15],"tags":[40,45,41,71,70],"class_list":["post-1868","post","type-post","status-publish","format-standard","has-post-thumbnail","hentry","category-sin-categorizar","tag-comunicacio-corporativa-es","tag-comunicacion-corporativa-es","tag-estrategia-es","tag-relaciones-publicas","tag-relacions-publiques-es"],"yoast_head":"<!-- This site is optimized with the Yoast SEO plugin v25.8 - https:\/\/yoast.com\/wordpress\/plugins\/seo\/ -->\n<title>\u00bfCu\u00e1ndo necesitas una agencia de relaciones p\u00fablicas? - Bonaimatge<\/title>\n<meta name=\"description\" content=\"Los profesionales en las relaciones p\u00fablicas trabajas ciertos \u00e1mbitos de la comunicaci\u00f3n que pueden resultar muy provechosos.\" \/>\n<meta name=\"robots\" content=\"index, follow, max-snippet:-1, max-image-preview:large, max-video-preview:-1\" \/>\n<link rel=\"canonical\" href=\"https:\/\/bonaimatge.com\/quan-necessites-una-agencia-de-relacions-publiques\/\" \/>\n<meta property=\"og:locale\" content=\"es_ES\" \/>\n<meta property=\"og:type\" content=\"article\" \/>\n<meta property=\"og:title\" content=\"\u00bfCu\u00e1ndo necesitas una agencia de relaciones p\u00fablicas? - Bonaimatge\" \/>\n<meta property=\"og:description\" content=\"Los profesionales en las relaciones p\u00fablicas trabajas ciertos \u00e1mbitos de la comunicaci\u00f3n que pueden resultar muy provechosos.\" \/>\n<meta property=\"og:url\" content=\"https:\/\/bonaimatge.com\/quan-necessites-una-agencia-de-relacions-publiques\/\" \/>\n<meta property=\"og:site_name\" content=\"Bonaimatge\" \/>\n<meta property=\"article:published_time\" content=\"2020-06-13T11:58:09+00:00\" \/>\n<meta property=\"article:modified_time\" content=\"2020-06-13T12:51:24+00:00\" \/>\n<meta property=\"og:image\" content=\"https:\/\/bonaimatge.com\/wp-content\/uploads\/2020\/06\/man-and-woman-near-table-3184465-1024x683.jpg\" \/>\n\t<meta property=\"og:image:width\" content=\"1024\" \/>\n\t<meta property=\"og:image:height\" content=\"683\" \/>\n\t<meta property=\"og:image:type\" content=\"image\/jpeg\" \/>\n<meta name=\"author\" content=\"M\u00f2nica Carrasco\" \/>\n<meta name=\"twitter:card\" content=\"summary_large_image\" \/>\n<meta name=\"twitter:label1\" content=\"Escrito por\" \/>\n\t<meta name=\"twitter:data1\" content=\"M\u00f2nica Carrasco\" \/>\n\t<meta name=\"twitter:label2\" content=\"Tiempo de lectura\" \/>\n\t<meta name=\"twitter:data2\" content=\"2 minutos\" \/>\n<script type=\"application\/ld+json\" class=\"yoast-schema-graph\">{\"@context\":\"https:\/\/schema.org\",\"@graph\":[{\"@type\":\"WebPage\",\"@id\":\"https:\/\/bonaimatge.com\/quan-necessites-una-agencia-de-relacions-publiques\/\",\"url\":\"https:\/\/bonaimatge.com\/quan-necessites-una-agencia-de-relacions-publiques\/\",\"name\":\"\u00bfCu\u00e1ndo necesitas una agencia de relaciones p\u00fablicas? - Bonaimatge\",\"isPartOf\":{\"@id\":\"https:\/\/bonaimatge.com\/#website\"},\"primaryImageOfPage\":{\"@id\":\"https:\/\/bonaimatge.com\/quan-necessites-una-agencia-de-relacions-publiques\/#primaryimage\"},\"image\":{\"@id\":\"https:\/\/bonaimatge.com\/quan-necessites-una-agencia-de-relacions-publiques\/#primaryimage\"},\"thumbnailUrl\":\"https:\/\/bonaimatge.com\/wp-content\/uploads\/2020\/06\/man-and-woman-near-table-3184465.jpg\",\"datePublished\":\"2020-06-13T11:58:09+00:00\",\"dateModified\":\"2020-06-13T12:51:24+00:00\",\"author\":{\"@id\":\"https:\/\/bonaimatge.com\/#\/schema\/person\/ff45c3416462786681260eea5ed5ee99\"},\"description\":\"Los profesionales en las relaciones p\u00fablicas trabajas ciertos \u00e1mbitos de la comunicaci\u00f3n que pueden resultar muy provechosos.\",\"breadcrumb\":{\"@id\":\"https:\/\/bonaimatge.com\/quan-necessites-una-agencia-de-relacions-publiques\/#breadcrumb\"},\"inLanguage\":\"es\",\"potentialAction\":[{\"@type\":\"ReadAction\",\"target\":[\"https:\/\/bonaimatge.com\/quan-necessites-una-agencia-de-relacions-publiques\/\"]}]},{\"@type\":\"ImageObject\",\"inLanguage\":\"es\",\"@id\":\"https:\/\/bonaimatge.com\/quan-necessites-una-agencia-de-relacions-publiques\/#primaryimage\",\"url\":\"https:\/\/bonaimatge.com\/wp-content\/uploads\/2020\/06\/man-and-woman-near-table-3184465.jpg\",\"contentUrl\":\"https:\/\/bonaimatge.com\/wp-content\/uploads\/2020\/06\/man-and-woman-near-table-3184465.jpg\",\"width\":2560,\"height\":1707,\"caption\":\"Quan necessites una ag\u00e8ncia de relacions p\u00fabliques?\"},{\"@type\":\"BreadcrumbList\",\"@id\":\"https:\/\/bonaimatge.com\/quan-necessites-una-agencia-de-relacions-publiques\/#breadcrumb\",\"itemListElement\":[{\"@type\":\"ListItem\",\"position\":1,\"name\":\"Inici\",\"item\":\"https:\/\/bonaimatge.com\/es\/\"},{\"@type\":\"ListItem\",\"position\":2,\"name\":\"\u00bfCu\u00e1ndo necesitas una agencia de relaciones p\u00fablicas?\"}]},{\"@type\":\"WebSite\",\"@id\":\"https:\/\/bonaimatge.com\/#website\",\"url\":\"https:\/\/bonaimatge.com\/\",\"name\":\"Bonaimatge\",\"description\":\"Comunicaci\u00f3\",\"potentialAction\":[{\"@type\":\"SearchAction\",\"target\":{\"@type\":\"EntryPoint\",\"urlTemplate\":\"https:\/\/bonaimatge.com\/?s={search_term_string}\"},\"query-input\":{\"@type\":\"PropertyValueSpecification\",\"valueRequired\":true,\"valueName\":\"search_term_string\"}}],\"inLanguage\":\"es\"},{\"@type\":\"Person\",\"@id\":\"https:\/\/bonaimatge.com\/#\/schema\/person\/ff45c3416462786681260eea5ed5ee99\",\"name\":\"M\u00f2nica Carrasco\",\"image\":{\"@type\":\"ImageObject\",\"inLanguage\":\"es\",\"@id\":\"https:\/\/bonaimatge.com\/#\/schema\/person\/image\/\",\"url\":\"https:\/\/secure.gravatar.com\/avatar\/134d5c768f5d8ccf3d64439038057777d3b0833adbf1bb30e5c4336e200516f6?s=96&d=mm&r=g\",\"contentUrl\":\"https:\/\/secure.gravatar.com\/avatar\/134d5c768f5d8ccf3d64439038057777d3b0833adbf1bb30e5c4336e200516f6?s=96&d=mm&r=g\",\"caption\":\"M\u00f2nica Carrasco\"},\"url\":\"https:\/\/bonaimatge.com\/es\/author\/marina-troyano\/\"}]}<\/script>\n<!-- \/ Yoast SEO plugin. -->","yoast_head_json":{"title":"\u00bfCu\u00e1ndo necesitas una agencia de relaciones p\u00fablicas? - Bonaimatge","description":"Los profesionales en las relaciones p\u00fablicas trabajas ciertos \u00e1mbitos de la comunicaci\u00f3n que pueden resultar muy provechosos.","robots":{"index":"index","follow":"follow","max-snippet":"max-snippet:-1","max-image-preview":"max-image-preview:large","max-video-preview":"max-video-preview:-1"},"canonical":"https:\/\/bonaimatge.com\/quan-necessites-una-agencia-de-relacions-publiques\/","og_locale":"es_ES","og_type":"article","og_title":"\u00bfCu\u00e1ndo necesitas una agencia de relaciones p\u00fablicas? - Bonaimatge","og_description":"Los profesionales en las relaciones p\u00fablicas trabajas ciertos \u00e1mbitos de la comunicaci\u00f3n que pueden resultar muy provechosos.","og_url":"https:\/\/bonaimatge.com\/quan-necessites-una-agencia-de-relacions-publiques\/","og_site_name":"Bonaimatge","article_published_time":"2020-06-13T11:58:09+00:00","article_modified_time":"2020-06-13T12:51:24+00:00","og_image":[{"width":1024,"height":683,"url":"https:\/\/bonaimatge.com\/wp-content\/uploads\/2020\/06\/man-and-woman-near-table-3184465-1024x683.jpg","type":"image\/jpeg"}],"author":"M\u00f2nica Carrasco","twitter_card":"summary_large_image","twitter_misc":{"Escrito por":"M\u00f2nica Carrasco","Tiempo de lectura":"2 minutos"},"schema":{"@context":"https:\/\/schema.org","@graph":[{"@type":"WebPage","@id":"https:\/\/bonaimatge.com\/quan-necessites-una-agencia-de-relacions-publiques\/","url":"https:\/\/bonaimatge.com\/quan-necessites-una-agencia-de-relacions-publiques\/","name":"\u00bfCu\u00e1ndo necesitas una agencia de relaciones p\u00fablicas? - Bonaimatge","isPartOf":{"@id":"https:\/\/bonaimatge.com\/#website"},"primaryImageOfPage":{"@id":"https:\/\/bonaimatge.com\/quan-necessites-una-agencia-de-relacions-publiques\/#primaryimage"},"image":{"@id":"https:\/\/bonaimatge.com\/quan-necessites-una-agencia-de-relacions-publiques\/#primaryimage"},"thumbnailUrl":"https:\/\/bonaimatge.com\/wp-content\/uploads\/2020\/06\/man-and-woman-near-table-3184465.jpg","datePublished":"2020-06-13T11:58:09+00:00","dateModified":"2020-06-13T12:51:24+00:00","author":{"@id":"https:\/\/bonaimatge.com\/#\/schema\/person\/ff45c3416462786681260eea5ed5ee99"},"description":"Los profesionales en las relaciones p\u00fablicas trabajas ciertos \u00e1mbitos de la comunicaci\u00f3n que pueden resultar muy provechosos.","breadcrumb":{"@id":"https:\/\/bonaimatge.com\/quan-necessites-una-agencia-de-relacions-publiques\/#breadcrumb"},"inLanguage":"es","potentialAction":[{"@type":"ReadAction","target":["https:\/\/bonaimatge.com\/quan-necessites-una-agencia-de-relacions-publiques\/"]}]},{"@type":"ImageObject","inLanguage":"es","@id":"https:\/\/bonaimatge.com\/quan-necessites-una-agencia-de-relacions-publiques\/#primaryimage","url":"https:\/\/bonaimatge.com\/wp-content\/uploads\/2020\/06\/man-and-woman-near-table-3184465.jpg","contentUrl":"https:\/\/bonaimatge.com\/wp-content\/uploads\/2020\/06\/man-and-woman-near-table-3184465.jpg","width":2560,"height":1707,"caption":"Quan necessites una ag\u00e8ncia de relacions p\u00fabliques?"},{"@type":"BreadcrumbList","@id":"https:\/\/bonaimatge.com\/quan-necessites-una-agencia-de-relacions-publiques\/#breadcrumb","itemListElement":[{"@type":"ListItem","position":1,"name":"Inici","item":"https:\/\/bonaimatge.com\/es\/"},{"@type":"ListItem","position":2,"name":"\u00bfCu\u00e1ndo necesitas una agencia de relaciones p\u00fablicas?"}]},{"@type":"WebSite","@id":"https:\/\/bonaimatge.com\/#website","url":"https:\/\/bonaimatge.com\/","name":"Bonaimatge","description":"Comunicaci\u00f3","potentialAction":[{"@type":"SearchAction","target":{"@type":"EntryPoint","urlTemplate":"https:\/\/bonaimatge.com\/?s={search_term_string}"},"query-input":{"@type":"PropertyValueSpecification","valueRequired":true,"valueName":"search_term_string"}}],"inLanguage":"es"},{"@type":"Person","@id":"https:\/\/bonaimatge.com\/#\/schema\/person\/ff45c3416462786681260eea5ed5ee99","name":"M\u00f2nica Carrasco","image":{"@type":"ImageObject","inLanguage":"es","@id":"https:\/\/bonaimatge.com\/#\/schema\/person\/image\/","url":"https:\/\/secure.gravatar.com\/avatar\/134d5c768f5d8ccf3d64439038057777d3b0833adbf1bb30e5c4336e200516f6?s=96&d=mm&r=g","contentUrl":"https:\/\/secure.gravatar.com\/avatar\/134d5c768f5d8ccf3d64439038057777d3b0833adbf1bb30e5c4336e200516f6?s=96&d=mm&r=g","caption":"M\u00f2nica Carrasco"},"url":"https:\/\/bonaimatge.com\/es\/author\/marina-troyano\/"}]}},"_links":{"self":[{"href":"https:\/\/bonaimatge.com\/es\/wp-json\/wp\/v2\/posts\/1868","targetHints":{"allow":["GET"]}}],"collection":[{"href":"https:\/\/bonaimatge.com\/es\/wp-json\/wp\/v2\/posts"}],"about":[{"href":"https:\/\/bonaimatge.com\/es\/wp-json\/wp\/v2\/types\/post"}],"author":[{"embeddable":true,"href":"https:\/\/bonaimatge.com\/es\/wp-json\/wp\/v2\/users\/4"}],"replies":[{"embeddable":true,"href":"https:\/\/bonaimatge.com\/es\/wp-json\/wp\/v2\/comments?post=1868"}],"version-history":[{"count":2,"href":"https:\/\/bonaimatge.com\/es\/wp-json\/wp\/v2\/posts\/1868\/revisions"}],"predecessor-version":[{"id":1870,"href":"https:\/\/bonaimatge.com\/es\/wp-json\/wp\/v2\/posts\/1868\/revisions\/1870"}],"wp:featuredmedia":[{"embeddable":true,"href":"https:\/\/bonaimatge.com\/es\/wp-json\/wp\/v2\/media\/1866"}],"wp:attachment":[{"href":"https:\/\/bonaimatge.com\/es\/wp-json\/wp\/v2\/media?parent=1868"}],"wp:term":[{"taxonomy":"category","embeddable":true,"href":"https:\/\/bonaimatge.com\/es\/wp-json\/wp\/v2\/categories?post=1868"},{"taxonomy":"post_tag","embeddable":true,"href":"https:\/\/bonaimatge.com\/es\/wp-json\/wp\/v2\/tags?post=1868"}],"curies":[{"name":"wp","href":"https:\/\/api.w.org\/{rel}","templated":true}]}}