{"id":2047,"date":"2021-12-01T08:01:49","date_gmt":"2021-12-01T07:01:49","guid":{"rendered":"https:\/\/bonaimatge.com\/?p=2047"},"modified":"2021-12-01T08:01:49","modified_gmt":"2021-12-01T07:01:49","slug":"diciembre-mes-clave-para-la-comunicacion-empresarial","status":"publish","type":"post","link":"https:\/\/bonaimatge.com\/es\/diciembre-mes-clave-para-la-comunicacion-empresarial\/","title":{"rendered":"Diciembre, mes clave para la comunicaci\u00f3n empresarial"},"content":{"rendered":"<p>Diciembre y la Navidad suponen un momento ideal para potenciar la comunicaci\u00f3n de empresa. Las opciones de acciones y estrategias se multiplican y ofrecen a las empresas una oportunidad para reforzar su imagen, fidelizar a trabajadores, proveedores y clientes. Es el momento de ser creativo\/a e incluir en tu plan acciones sencillas que van m\u00e1s all\u00e1, te damos algunas pautas e ideas para aplicar en comunicaci\u00f3n interna y externa:<\/p>\n<ul>\n<li>Marca la diferencia en tus comunicaciones relacionadas con la Navidad. No es el momento de vender un producto, muestra tu personalidad y equipo que hace posible el trabajo a diario.<\/li>\n<li>\u00bfY si la felicitaci\u00f3n de Navidad de la empresa la dibujan los hijos e hijas de las personas que forman tu equipo? Organiza un concurso e implica a todo el mundo.<\/li>\n<li>Propon una actividad de voluntariado corporativo que muestre los valores de tu empresa y suponga una oportunidad para potenciar el trabajo en equipo.<\/li>\n<li>Felicita la Navidad a tus equipos con una actividad de gamificaci\u00f3n que potencie su esfuerzo, aprendizaje y relaci\u00f3n a trav\u00e9s de una apuesta divertida y motivadora.<\/li>\n<li>Mailing de felicitaci\u00f3n en la base de datos de clientes: env\u00eda un mensaje a tus clientes, preocupate por ellos y recuerda que est\u00e1s a su servicio todo el a\u00f1o y aprovecha para ofrecerles un descuento o incentivo.<\/li>\n<li>Si optas por enviar un regalo a trabajadores, proveedores o clientes, elige con conciencia y dec\u00e1ntate por un producto alineado con tus valores de empresa.<\/li>\n<li>Viste de Navidad tus canales de comunicaci\u00f3n corporativos para transmitir la sensaci\u00f3n de estar actualizado.<\/li>\n<\/ul>\n<p><img decoding=\"async\" class=\"aligncenter size-full wp-image-2045\" src=\"https:\/\/bonaimatge.com\/wp-content\/uploads\/2021\/11\/pexels-lucie-liz-3307696-e1638184335252.jpg\" alt=\"\" width=\"800\" height=\"533\" \/><\/p>\n<p>\u00bfTienes una historia? \u00bfQuieres que te ayudemos a contarla? En <a href=\"http:\/\/www.bonaimatge.com\">Bonaimatge<\/a> ponemos a tu disposici\u00f3n un equipo de profesionales en diversos \u00e1mbitos que dar\u00e1n forma a tu plan de comunicaci\u00f3n a medida y te acompa\u00f1ar\u00e1n para ponerlo en pr\u00e1ctica. Tambi\u00e9n podemos ayudarte a realizar acciones concretas de comunicaci\u00f3n. Puedes contactar con nosotros a trav\u00e9s de la web: www.bonaimatge.com<\/p>\n","protected":false},"excerpt":{"rendered":"<p>Diciembre y la Navidad suponen un momento ideal para potenciar la comunicaci\u00f3n de empresa. Las opciones de acciones y estrategias se multiplican y ofrecen a las empresas una oportunidad para reforzar su imagen, fidelizar a [&hellip;]<\/p>\n","protected":false},"author":4,"featured_media":2043,"comment_status":"open","ping_status":"closed","sticky":false,"template":"","format":"standard","meta":{"footnotes":""},"categories":[33],"tags":[74,40,45],"class_list":["post-2047","post","type-post","status-publish","format-standard","has-post-thumbnail","hentry","category-noticies-blog-es","tag-comunicacio-es","tag-comunicacio-corporativa-es","tag-comunicacion-corporativa-es"],"yoast_head":"<!-- This site is optimized with the Yoast SEO plugin v25.8 - https:\/\/yoast.com\/wordpress\/plugins\/seo\/ -->\n<title>Diciembre, mes clave para la comunicaci\u00f3n empresarial - Bonaimatge<\/title>\n<meta name=\"description\" content=\"Diciembre y la Navidad vuelven a llamar a la puerta y suponen un momento ideal para potenciar la comunicaci\u00f3n de empresa. Las opciones de acciones y estrategias se multiplican y ofrecen a las empresas una oportunidad para reforzar su imagen, fidelizar a trabajadores, proveedores y clientes. Es el momento de ser creativo\/a e incluir en tu plan acciones sencillas que van m\u00e1s all\u00e1, te damos algunas pautas e ideas para aplicar en comunicaci\u00f3n interna y externa\" \/>\n<meta name=\"robots\" content=\"index, follow, max-snippet:-1, max-image-preview:large, max-video-preview:-1\" \/>\n<link rel=\"canonical\" href=\"https:\/\/bonaimatge.com\/desembre-mes-clau-per-la-comunicacio-empresarial\/\" \/>\n<meta property=\"og:locale\" content=\"es_ES\" \/>\n<meta property=\"og:type\" content=\"article\" \/>\n<meta property=\"og:title\" content=\"Diciembre, mes clave para la comunicaci\u00f3n empresarial - Bonaimatge\" \/>\n<meta property=\"og:description\" content=\"Diciembre y la Navidad vuelven a llamar a la puerta y suponen un momento ideal para potenciar la comunicaci\u00f3n de empresa. Las opciones de acciones y estrategias se multiplican y ofrecen a las empresas una oportunidad para reforzar su imagen, fidelizar a trabajadores, proveedores y clientes. Es el momento de ser creativo\/a e incluir en tu plan acciones sencillas que van m\u00e1s all\u00e1, te damos algunas pautas e ideas para aplicar en comunicaci\u00f3n interna y externa\" \/>\n<meta property=\"og:url\" content=\"https:\/\/bonaimatge.com\/desembre-mes-clau-per-la-comunicacio-empresarial\/\" \/>\n<meta property=\"og:site_name\" content=\"Bonaimatge\" \/>\n<meta property=\"article:published_time\" content=\"2021-12-01T07:01:49+00:00\" \/>\n<meta property=\"og:image\" content=\"https:\/\/bonaimatge.com\/wp-content\/uploads\/2021\/11\/pexels-kristina-paukshtite-3444345-e1638184385815.jpg\" \/>\n\t<meta property=\"og:image:width\" content=\"800\" \/>\n\t<meta property=\"og:image:height\" content=\"1200\" \/>\n\t<meta property=\"og:image:type\" content=\"image\/jpeg\" \/>\n<meta name=\"author\" content=\"M\u00f2nica Carrasco\" \/>\n<meta name=\"twitter:card\" content=\"summary_large_image\" \/>\n<meta name=\"twitter:label1\" content=\"Escrito por\" \/>\n\t<meta name=\"twitter:data1\" content=\"M\u00f2nica Carrasco\" \/>\n\t<meta name=\"twitter:label2\" content=\"Tiempo de lectura\" \/>\n\t<meta name=\"twitter:data2\" content=\"2 minutos\" \/>\n<script type=\"application\/ld+json\" class=\"yoast-schema-graph\">{\"@context\":\"https:\/\/schema.org\",\"@graph\":[{\"@type\":\"WebPage\",\"@id\":\"https:\/\/bonaimatge.com\/desembre-mes-clau-per-la-comunicacio-empresarial\/\",\"url\":\"https:\/\/bonaimatge.com\/desembre-mes-clau-per-la-comunicacio-empresarial\/\",\"name\":\"Diciembre, mes clave para la comunicaci\u00f3n empresarial - Bonaimatge\",\"isPartOf\":{\"@id\":\"https:\/\/bonaimatge.com\/#website\"},\"primaryImageOfPage\":{\"@id\":\"https:\/\/bonaimatge.com\/desembre-mes-clau-per-la-comunicacio-empresarial\/#primaryimage\"},\"image\":{\"@id\":\"https:\/\/bonaimatge.com\/desembre-mes-clau-per-la-comunicacio-empresarial\/#primaryimage\"},\"thumbnailUrl\":\"https:\/\/bonaimatge.com\/wp-content\/uploads\/2021\/11\/pexels-kristina-paukshtite-3444345-e1638184385815.jpg\",\"datePublished\":\"2021-12-01T07:01:49+00:00\",\"author\":{\"@id\":\"https:\/\/bonaimatge.com\/#\/schema\/person\/ff45c3416462786681260eea5ed5ee99\"},\"description\":\"Diciembre y la Navidad vuelven a llamar a la puerta y suponen un momento ideal para potenciar la comunicaci\u00f3n de empresa. Las opciones de acciones y estrategias se multiplican y ofrecen a las empresas una oportunidad para reforzar su imagen, fidelizar a trabajadores, proveedores y clientes. Es el momento de ser creativo\/a e incluir en tu plan acciones sencillas que van m\u00e1s all\u00e1, te damos algunas pautas e ideas para aplicar en comunicaci\u00f3n interna y externa\",\"breadcrumb\":{\"@id\":\"https:\/\/bonaimatge.com\/desembre-mes-clau-per-la-comunicacio-empresarial\/#breadcrumb\"},\"inLanguage\":\"es\",\"potentialAction\":[{\"@type\":\"ReadAction\",\"target\":[\"https:\/\/bonaimatge.com\/desembre-mes-clau-per-la-comunicacio-empresarial\/\"]}]},{\"@type\":\"ImageObject\",\"inLanguage\":\"es\",\"@id\":\"https:\/\/bonaimatge.com\/desembre-mes-clau-per-la-comunicacio-empresarial\/#primaryimage\",\"url\":\"https:\/\/bonaimatge.com\/wp-content\/uploads\/2021\/11\/pexels-kristina-paukshtite-3444345-e1638184385815.jpg\",\"contentUrl\":\"https:\/\/bonaimatge.com\/wp-content\/uploads\/2021\/11\/pexels-kristina-paukshtite-3444345-e1638184385815.jpg\",\"width\":800,\"height\":1200},{\"@type\":\"BreadcrumbList\",\"@id\":\"https:\/\/bonaimatge.com\/desembre-mes-clau-per-la-comunicacio-empresarial\/#breadcrumb\",\"itemListElement\":[{\"@type\":\"ListItem\",\"position\":1,\"name\":\"Inici\",\"item\":\"https:\/\/bonaimatge.com\/es\/\"},{\"@type\":\"ListItem\",\"position\":2,\"name\":\"Diciembre, mes clave para la comunicaci\u00f3n empresarial\"}]},{\"@type\":\"WebSite\",\"@id\":\"https:\/\/bonaimatge.com\/#website\",\"url\":\"https:\/\/bonaimatge.com\/\",\"name\":\"Bonaimatge\",\"description\":\"Comunicaci\u00f3\",\"potentialAction\":[{\"@type\":\"SearchAction\",\"target\":{\"@type\":\"EntryPoint\",\"urlTemplate\":\"https:\/\/bonaimatge.com\/?s={search_term_string}\"},\"query-input\":{\"@type\":\"PropertyValueSpecification\",\"valueRequired\":true,\"valueName\":\"search_term_string\"}}],\"inLanguage\":\"es\"},{\"@type\":\"Person\",\"@id\":\"https:\/\/bonaimatge.com\/#\/schema\/person\/ff45c3416462786681260eea5ed5ee99\",\"name\":\"M\u00f2nica Carrasco\",\"image\":{\"@type\":\"ImageObject\",\"inLanguage\":\"es\",\"@id\":\"https:\/\/bonaimatge.com\/#\/schema\/person\/image\/\",\"url\":\"https:\/\/secure.gravatar.com\/avatar\/134d5c768f5d8ccf3d64439038057777d3b0833adbf1bb30e5c4336e200516f6?s=96&d=mm&r=g\",\"contentUrl\":\"https:\/\/secure.gravatar.com\/avatar\/134d5c768f5d8ccf3d64439038057777d3b0833adbf1bb30e5c4336e200516f6?s=96&d=mm&r=g\",\"caption\":\"M\u00f2nica Carrasco\"},\"url\":\"https:\/\/bonaimatge.com\/es\/author\/marina-troyano\/\"}]}<\/script>\n<!-- \/ Yoast SEO plugin. -->","yoast_head_json":{"title":"Diciembre, mes clave para la comunicaci\u00f3n empresarial - Bonaimatge","description":"Diciembre y la Navidad vuelven a llamar a la puerta y suponen un momento ideal para potenciar la comunicaci\u00f3n de empresa. Las opciones de acciones y estrategias se multiplican y ofrecen a las empresas una oportunidad para reforzar su imagen, fidelizar a trabajadores, proveedores y clientes. Es el momento de ser creativo\/a e incluir en tu plan acciones sencillas que van m\u00e1s all\u00e1, te damos algunas pautas e ideas para aplicar en comunicaci\u00f3n interna y externa","robots":{"index":"index","follow":"follow","max-snippet":"max-snippet:-1","max-image-preview":"max-image-preview:large","max-video-preview":"max-video-preview:-1"},"canonical":"https:\/\/bonaimatge.com\/desembre-mes-clau-per-la-comunicacio-empresarial\/","og_locale":"es_ES","og_type":"article","og_title":"Diciembre, mes clave para la comunicaci\u00f3n empresarial - Bonaimatge","og_description":"Diciembre y la Navidad vuelven a llamar a la puerta y suponen un momento ideal para potenciar la comunicaci\u00f3n de empresa. Las opciones de acciones y estrategias se multiplican y ofrecen a las empresas una oportunidad para reforzar su imagen, fidelizar a trabajadores, proveedores y clientes. Es el momento de ser creativo\/a e incluir en tu plan acciones sencillas que van m\u00e1s all\u00e1, te damos algunas pautas e ideas para aplicar en comunicaci\u00f3n interna y externa","og_url":"https:\/\/bonaimatge.com\/desembre-mes-clau-per-la-comunicacio-empresarial\/","og_site_name":"Bonaimatge","article_published_time":"2021-12-01T07:01:49+00:00","og_image":[{"width":800,"height":1200,"url":"https:\/\/bonaimatge.com\/wp-content\/uploads\/2021\/11\/pexels-kristina-paukshtite-3444345-e1638184385815.jpg","type":"image\/jpeg"}],"author":"M\u00f2nica Carrasco","twitter_card":"summary_large_image","twitter_misc":{"Escrito por":"M\u00f2nica Carrasco","Tiempo de lectura":"2 minutos"},"schema":{"@context":"https:\/\/schema.org","@graph":[{"@type":"WebPage","@id":"https:\/\/bonaimatge.com\/desembre-mes-clau-per-la-comunicacio-empresarial\/","url":"https:\/\/bonaimatge.com\/desembre-mes-clau-per-la-comunicacio-empresarial\/","name":"Diciembre, mes clave para la comunicaci\u00f3n empresarial - Bonaimatge","isPartOf":{"@id":"https:\/\/bonaimatge.com\/#website"},"primaryImageOfPage":{"@id":"https:\/\/bonaimatge.com\/desembre-mes-clau-per-la-comunicacio-empresarial\/#primaryimage"},"image":{"@id":"https:\/\/bonaimatge.com\/desembre-mes-clau-per-la-comunicacio-empresarial\/#primaryimage"},"thumbnailUrl":"https:\/\/bonaimatge.com\/wp-content\/uploads\/2021\/11\/pexels-kristina-paukshtite-3444345-e1638184385815.jpg","datePublished":"2021-12-01T07:01:49+00:00","author":{"@id":"https:\/\/bonaimatge.com\/#\/schema\/person\/ff45c3416462786681260eea5ed5ee99"},"description":"Diciembre y la Navidad vuelven a llamar a la puerta y suponen un momento ideal para potenciar la comunicaci\u00f3n de empresa. Las opciones de acciones y estrategias se multiplican y ofrecen a las empresas una oportunidad para reforzar su imagen, fidelizar a trabajadores, proveedores y clientes. Es el momento de ser creativo\/a e incluir en tu plan acciones sencillas que van m\u00e1s all\u00e1, te damos algunas pautas e ideas para aplicar en comunicaci\u00f3n interna y externa","breadcrumb":{"@id":"https:\/\/bonaimatge.com\/desembre-mes-clau-per-la-comunicacio-empresarial\/#breadcrumb"},"inLanguage":"es","potentialAction":[{"@type":"ReadAction","target":["https:\/\/bonaimatge.com\/desembre-mes-clau-per-la-comunicacio-empresarial\/"]}]},{"@type":"ImageObject","inLanguage":"es","@id":"https:\/\/bonaimatge.com\/desembre-mes-clau-per-la-comunicacio-empresarial\/#primaryimage","url":"https:\/\/bonaimatge.com\/wp-content\/uploads\/2021\/11\/pexels-kristina-paukshtite-3444345-e1638184385815.jpg","contentUrl":"https:\/\/bonaimatge.com\/wp-content\/uploads\/2021\/11\/pexels-kristina-paukshtite-3444345-e1638184385815.jpg","width":800,"height":1200},{"@type":"BreadcrumbList","@id":"https:\/\/bonaimatge.com\/desembre-mes-clau-per-la-comunicacio-empresarial\/#breadcrumb","itemListElement":[{"@type":"ListItem","position":1,"name":"Inici","item":"https:\/\/bonaimatge.com\/es\/"},{"@type":"ListItem","position":2,"name":"Diciembre, mes clave para la comunicaci\u00f3n empresarial"}]},{"@type":"WebSite","@id":"https:\/\/bonaimatge.com\/#website","url":"https:\/\/bonaimatge.com\/","name":"Bonaimatge","description":"Comunicaci\u00f3","potentialAction":[{"@type":"SearchAction","target":{"@type":"EntryPoint","urlTemplate":"https:\/\/bonaimatge.com\/?s={search_term_string}"},"query-input":{"@type":"PropertyValueSpecification","valueRequired":true,"valueName":"search_term_string"}}],"inLanguage":"es"},{"@type":"Person","@id":"https:\/\/bonaimatge.com\/#\/schema\/person\/ff45c3416462786681260eea5ed5ee99","name":"M\u00f2nica Carrasco","image":{"@type":"ImageObject","inLanguage":"es","@id":"https:\/\/bonaimatge.com\/#\/schema\/person\/image\/","url":"https:\/\/secure.gravatar.com\/avatar\/134d5c768f5d8ccf3d64439038057777d3b0833adbf1bb30e5c4336e200516f6?s=96&d=mm&r=g","contentUrl":"https:\/\/secure.gravatar.com\/avatar\/134d5c768f5d8ccf3d64439038057777d3b0833adbf1bb30e5c4336e200516f6?s=96&d=mm&r=g","caption":"M\u00f2nica Carrasco"},"url":"https:\/\/bonaimatge.com\/es\/author\/marina-troyano\/"}]}},"_links":{"self":[{"href":"https:\/\/bonaimatge.com\/es\/wp-json\/wp\/v2\/posts\/2047","targetHints":{"allow":["GET"]}}],"collection":[{"href":"https:\/\/bonaimatge.com\/es\/wp-json\/wp\/v2\/posts"}],"about":[{"href":"https:\/\/bonaimatge.com\/es\/wp-json\/wp\/v2\/types\/post"}],"author":[{"embeddable":true,"href":"https:\/\/bonaimatge.com\/es\/wp-json\/wp\/v2\/users\/4"}],"replies":[{"embeddable":true,"href":"https:\/\/bonaimatge.com\/es\/wp-json\/wp\/v2\/comments?post=2047"}],"version-history":[{"count":5,"href":"https:\/\/bonaimatge.com\/es\/wp-json\/wp\/v2\/posts\/2047\/revisions"}],"predecessor-version":[{"id":2053,"href":"https:\/\/bonaimatge.com\/es\/wp-json\/wp\/v2\/posts\/2047\/revisions\/2053"}],"wp:featuredmedia":[{"embeddable":true,"href":"https:\/\/bonaimatge.com\/es\/wp-json\/wp\/v2\/media\/2043"}],"wp:attachment":[{"href":"https:\/\/bonaimatge.com\/es\/wp-json\/wp\/v2\/media?parent=2047"}],"wp:term":[{"taxonomy":"category","embeddable":true,"href":"https:\/\/bonaimatge.com\/es\/wp-json\/wp\/v2\/categories?post=2047"},{"taxonomy":"post_tag","embeddable":true,"href":"https:\/\/bonaimatge.com\/es\/wp-json\/wp\/v2\/tags?post=2047"}],"curies":[{"name":"wp","href":"https:\/\/api.w.org\/{rel}","templated":true}]}}