{"id":2091,"date":"2022-03-08T16:20:45","date_gmt":"2022-03-08T15:20:45","guid":{"rendered":"https:\/\/bonaimatge.com\/?p=2091"},"modified":"2022-03-08T16:48:04","modified_gmt":"2022-03-08T15:48:04","slug":"el-podcast-en-tu-estrategia-de-comunicacion","status":"publish","type":"post","link":"https:\/\/bonaimatge.com\/es\/el-podcast-en-tu-estrategia-de-comunicacion\/","title":{"rendered":"El podcast dentro de tu estrategia de comunicaci\u00f3n"},"content":{"rendered":"<p>El formato podcast vive un momento de expansi\u00f3n y reconocimiento. Se ha hecho con la atenci\u00f3n de los usuarios por su capacidad de informar y entretener de forma directa y accesible. El gran abanico de opciones dependiendo de cada tem\u00e1tica y la tendencia cada vez m\u00e1s buscada por los usuarios de contenidos bajo demanda ha supuesto tambi\u00e9n un boom de las plataformas que agrupan este tipo de contenidos. El podcast puede ser la herramienta perfecta para impulsar tu estrategia de comunicaci\u00f3n e incrementar el impacto de tus acciones. Aqu\u00ed van algunos de los motivos:<\/p>\n<ul>\n<li>Estableces un nuevo canal de comunicaci\u00f3n con tu p\u00fablico<\/li>\n<li>M\u00e9todo f\u00e1cil y econ\u00f3mico de captar la atenci\u00f3n de tu cliente potencial<\/li>\n<li>Incrementas tu visibilidad<\/li>\n<li>Potencia tu identidad de marca<\/li>\n<li>Beneficia tu estrategia de contenidos y posicionamiento<\/li>\n<li>Obras una nueva herramienta de monetizaci\u00f3n<\/li>\n<li>Los resultados son f\u00e1cilmente cuantificables<\/li>\n<\/ul>\n<p>Evidentemente es necesario cuidar la calidad del podcast y ofrecer un contenido atractivo y que tenga que ver con la marca y los valores que queremos comunicar. A nivel t\u00e9cnico, actualmente contamos con soluciones muy accesibles que garantizan una buena calidad de sonido. Es importante elegir la tem\u00e1tica y el tono adecuados, trabajar bien los guiones y la edici\u00f3n de sonido, adem\u00e1s de crear una imagen atractiva para identificar tu podcast. Tambi\u00e9n habr\u00e1 que elegir una plataforma de almacenamiento de podcast y hacer una buena difusi\u00f3n.<\/p>\n<p><img decoding=\"async\" class=\"aligncenter size-full wp-image-2098\" src=\"https:\/\/bonaimatge.com\/wp-content\/uploads\/2022\/03\/pexels-jeremy-enns-5083607-e1646754149314.jpg\" alt=\"\" width=\"800\" height=\"533\" \/><\/p>\n<p>\u00bfTienes una historia? \u00bfQuieres que te ayudemos a contarla? En <a href=\"http:\/\/www.bonaimatge.com\">Bonaimatge<\/a> ponemos a tu disposici\u00f3n un equipo de profesionales en diversos \u00e1mbitos que dar\u00e1n forma a tu plan de comunicaci\u00f3n a medida y te acompa\u00f1ar\u00e1n para ponerlo en pr\u00e1ctica. Tambi\u00e9n podemos ayudarte a realizar acciones concretas de comunicaci\u00f3n. Puedes contactar con nosotros a trav\u00e9s de la web: <a href=\"http:\/\/www.bonaimatge.com\">www.bonaimatge.com<\/a><\/p>\n","protected":false},"excerpt":{"rendered":"<p>El formato podcast vive un momento de expansi\u00f3n y reconocimiento. Se ha hecho con la atenci\u00f3n de los usuarios por su capacidad de informar y entretener de forma directa y accesible. El gran abanico de [&hellip;]<\/p>\n","protected":false},"author":4,"featured_media":2085,"comment_status":"open","ping_status":"closed","sticky":false,"template":"","format":"standard","meta":{"footnotes":""},"categories":[33],"tags":[83,74],"class_list":["post-2091","post","type-post","status-publish","format-standard","has-post-thumbnail","hentry","category-noticies-blog-es","tag-bonaimatge-es","tag-comunicacio-es"],"yoast_head":"<!-- This site is optimized with the Yoast SEO plugin v25.8 - https:\/\/yoast.com\/wordpress\/plugins\/seo\/ -->\n<title>El podcast dentro de tu estrategia de comunicaci\u00f3n - Bonaimatge<\/title>\n<meta name=\"robots\" content=\"index, follow, max-snippet:-1, max-image-preview:large, max-video-preview:-1\" \/>\n<link rel=\"canonical\" href=\"https:\/\/bonaimatge.com\/el-podcast-dins-la-teva-estrategia-de-comunicacio\/\" \/>\n<meta property=\"og:locale\" content=\"es_ES\" \/>\n<meta property=\"og:type\" content=\"article\" \/>\n<meta property=\"og:title\" content=\"El podcast dentro de tu estrategia de comunicaci\u00f3n - Bonaimatge\" \/>\n<meta property=\"og:description\" content=\"El formato podcast vive un momento de expansi\u00f3n y reconocimiento. Se ha hecho con la atenci\u00f3n de los usuarios por su capacidad de informar y entretener de forma directa y accesible. El gran abanico de [&hellip;]\" \/>\n<meta property=\"og:url\" content=\"https:\/\/bonaimatge.com\/el-podcast-dins-la-teva-estrategia-de-comunicacio\/\" \/>\n<meta property=\"og:site_name\" content=\"Bonaimatge\" \/>\n<meta property=\"article:published_time\" content=\"2022-03-08T15:20:45+00:00\" \/>\n<meta property=\"article:modified_time\" content=\"2022-03-08T15:48:04+00:00\" \/>\n<meta property=\"og:image\" content=\"https:\/\/bonaimatge.com\/wp-content\/uploads\/2022\/03\/pexels-stas-knop-5939401-e1646752801497.jpg\" \/>\n\t<meta property=\"og:image:width\" content=\"800\" \/>\n\t<meta property=\"og:image:height\" content=\"533\" \/>\n\t<meta property=\"og:image:type\" content=\"image\/jpeg\" \/>\n<meta name=\"author\" content=\"M\u00f2nica Carrasco\" \/>\n<meta name=\"twitter:card\" content=\"summary_large_image\" \/>\n<meta name=\"twitter:label1\" content=\"Escrito por\" \/>\n\t<meta name=\"twitter:data1\" content=\"M\u00f2nica Carrasco\" \/>\n\t<meta name=\"twitter:label2\" content=\"Tiempo de lectura\" \/>\n\t<meta name=\"twitter:data2\" content=\"2 minutos\" \/>\n<script type=\"application\/ld+json\" class=\"yoast-schema-graph\">{\"@context\":\"https:\/\/schema.org\",\"@graph\":[{\"@type\":\"WebPage\",\"@id\":\"https:\/\/bonaimatge.com\/el-podcast-dins-la-teva-estrategia-de-comunicacio\/\",\"url\":\"https:\/\/bonaimatge.com\/el-podcast-dins-la-teva-estrategia-de-comunicacio\/\",\"name\":\"El podcast dentro de tu estrategia de comunicaci\u00f3n - Bonaimatge\",\"isPartOf\":{\"@id\":\"https:\/\/bonaimatge.com\/#website\"},\"primaryImageOfPage\":{\"@id\":\"https:\/\/bonaimatge.com\/el-podcast-dins-la-teva-estrategia-de-comunicacio\/#primaryimage\"},\"image\":{\"@id\":\"https:\/\/bonaimatge.com\/el-podcast-dins-la-teva-estrategia-de-comunicacio\/#primaryimage\"},\"thumbnailUrl\":\"https:\/\/bonaimatge.com\/wp-content\/uploads\/2022\/03\/pexels-stas-knop-5939401-e1646752801497.jpg\",\"datePublished\":\"2022-03-08T15:20:45+00:00\",\"dateModified\":\"2022-03-08T15:48:04+00:00\",\"author\":{\"@id\":\"https:\/\/bonaimatge.com\/#\/schema\/person\/ff45c3416462786681260eea5ed5ee99\"},\"breadcrumb\":{\"@id\":\"https:\/\/bonaimatge.com\/el-podcast-dins-la-teva-estrategia-de-comunicacio\/#breadcrumb\"},\"inLanguage\":\"es\",\"potentialAction\":[{\"@type\":\"ReadAction\",\"target\":[\"https:\/\/bonaimatge.com\/el-podcast-dins-la-teva-estrategia-de-comunicacio\/\"]}]},{\"@type\":\"ImageObject\",\"inLanguage\":\"es\",\"@id\":\"https:\/\/bonaimatge.com\/el-podcast-dins-la-teva-estrategia-de-comunicacio\/#primaryimage\",\"url\":\"https:\/\/bonaimatge.com\/wp-content\/uploads\/2022\/03\/pexels-stas-knop-5939401-e1646752801497.jpg\",\"contentUrl\":\"https:\/\/bonaimatge.com\/wp-content\/uploads\/2022\/03\/pexels-stas-knop-5939401-e1646752801497.jpg\",\"width\":800,\"height\":533},{\"@type\":\"BreadcrumbList\",\"@id\":\"https:\/\/bonaimatge.com\/el-podcast-dins-la-teva-estrategia-de-comunicacio\/#breadcrumb\",\"itemListElement\":[{\"@type\":\"ListItem\",\"position\":1,\"name\":\"Inici\",\"item\":\"https:\/\/bonaimatge.com\/es\/\"},{\"@type\":\"ListItem\",\"position\":2,\"name\":\"El podcast dentro de tu estrategia de comunicaci\u00f3n\"}]},{\"@type\":\"WebSite\",\"@id\":\"https:\/\/bonaimatge.com\/#website\",\"url\":\"https:\/\/bonaimatge.com\/\",\"name\":\"Bonaimatge\",\"description\":\"Comunicaci\u00f3\",\"potentialAction\":[{\"@type\":\"SearchAction\",\"target\":{\"@type\":\"EntryPoint\",\"urlTemplate\":\"https:\/\/bonaimatge.com\/?s={search_term_string}\"},\"query-input\":{\"@type\":\"PropertyValueSpecification\",\"valueRequired\":true,\"valueName\":\"search_term_string\"}}],\"inLanguage\":\"es\"},{\"@type\":\"Person\",\"@id\":\"https:\/\/bonaimatge.com\/#\/schema\/person\/ff45c3416462786681260eea5ed5ee99\",\"name\":\"M\u00f2nica Carrasco\",\"image\":{\"@type\":\"ImageObject\",\"inLanguage\":\"es\",\"@id\":\"https:\/\/bonaimatge.com\/#\/schema\/person\/image\/\",\"url\":\"https:\/\/secure.gravatar.com\/avatar\/134d5c768f5d8ccf3d64439038057777d3b0833adbf1bb30e5c4336e200516f6?s=96&d=mm&r=g\",\"contentUrl\":\"https:\/\/secure.gravatar.com\/avatar\/134d5c768f5d8ccf3d64439038057777d3b0833adbf1bb30e5c4336e200516f6?s=96&d=mm&r=g\",\"caption\":\"M\u00f2nica Carrasco\"},\"url\":\"https:\/\/bonaimatge.com\/es\/author\/marina-troyano\/\"}]}<\/script>\n<!-- \/ Yoast SEO plugin. -->","yoast_head_json":{"title":"El podcast dentro de tu estrategia de comunicaci\u00f3n - Bonaimatge","robots":{"index":"index","follow":"follow","max-snippet":"max-snippet:-1","max-image-preview":"max-image-preview:large","max-video-preview":"max-video-preview:-1"},"canonical":"https:\/\/bonaimatge.com\/el-podcast-dins-la-teva-estrategia-de-comunicacio\/","og_locale":"es_ES","og_type":"article","og_title":"El podcast dentro de tu estrategia de comunicaci\u00f3n - Bonaimatge","og_description":"El formato podcast vive un momento de expansi\u00f3n y reconocimiento. Se ha hecho con la atenci\u00f3n de los usuarios por su capacidad de informar y entretener de forma directa y accesible. El gran abanico de [&hellip;]","og_url":"https:\/\/bonaimatge.com\/el-podcast-dins-la-teva-estrategia-de-comunicacio\/","og_site_name":"Bonaimatge","article_published_time":"2022-03-08T15:20:45+00:00","article_modified_time":"2022-03-08T15:48:04+00:00","og_image":[{"width":800,"height":533,"url":"https:\/\/bonaimatge.com\/wp-content\/uploads\/2022\/03\/pexels-stas-knop-5939401-e1646752801497.jpg","type":"image\/jpeg"}],"author":"M\u00f2nica Carrasco","twitter_card":"summary_large_image","twitter_misc":{"Escrito por":"M\u00f2nica Carrasco","Tiempo de lectura":"2 minutos"},"schema":{"@context":"https:\/\/schema.org","@graph":[{"@type":"WebPage","@id":"https:\/\/bonaimatge.com\/el-podcast-dins-la-teva-estrategia-de-comunicacio\/","url":"https:\/\/bonaimatge.com\/el-podcast-dins-la-teva-estrategia-de-comunicacio\/","name":"El podcast dentro de tu estrategia de comunicaci\u00f3n - Bonaimatge","isPartOf":{"@id":"https:\/\/bonaimatge.com\/#website"},"primaryImageOfPage":{"@id":"https:\/\/bonaimatge.com\/el-podcast-dins-la-teva-estrategia-de-comunicacio\/#primaryimage"},"image":{"@id":"https:\/\/bonaimatge.com\/el-podcast-dins-la-teva-estrategia-de-comunicacio\/#primaryimage"},"thumbnailUrl":"https:\/\/bonaimatge.com\/wp-content\/uploads\/2022\/03\/pexels-stas-knop-5939401-e1646752801497.jpg","datePublished":"2022-03-08T15:20:45+00:00","dateModified":"2022-03-08T15:48:04+00:00","author":{"@id":"https:\/\/bonaimatge.com\/#\/schema\/person\/ff45c3416462786681260eea5ed5ee99"},"breadcrumb":{"@id":"https:\/\/bonaimatge.com\/el-podcast-dins-la-teva-estrategia-de-comunicacio\/#breadcrumb"},"inLanguage":"es","potentialAction":[{"@type":"ReadAction","target":["https:\/\/bonaimatge.com\/el-podcast-dins-la-teva-estrategia-de-comunicacio\/"]}]},{"@type":"ImageObject","inLanguage":"es","@id":"https:\/\/bonaimatge.com\/el-podcast-dins-la-teva-estrategia-de-comunicacio\/#primaryimage","url":"https:\/\/bonaimatge.com\/wp-content\/uploads\/2022\/03\/pexels-stas-knop-5939401-e1646752801497.jpg","contentUrl":"https:\/\/bonaimatge.com\/wp-content\/uploads\/2022\/03\/pexels-stas-knop-5939401-e1646752801497.jpg","width":800,"height":533},{"@type":"BreadcrumbList","@id":"https:\/\/bonaimatge.com\/el-podcast-dins-la-teva-estrategia-de-comunicacio\/#breadcrumb","itemListElement":[{"@type":"ListItem","position":1,"name":"Inici","item":"https:\/\/bonaimatge.com\/es\/"},{"@type":"ListItem","position":2,"name":"El podcast dentro de tu estrategia de comunicaci\u00f3n"}]},{"@type":"WebSite","@id":"https:\/\/bonaimatge.com\/#website","url":"https:\/\/bonaimatge.com\/","name":"Bonaimatge","description":"Comunicaci\u00f3","potentialAction":[{"@type":"SearchAction","target":{"@type":"EntryPoint","urlTemplate":"https:\/\/bonaimatge.com\/?s={search_term_string}"},"query-input":{"@type":"PropertyValueSpecification","valueRequired":true,"valueName":"search_term_string"}}],"inLanguage":"es"},{"@type":"Person","@id":"https:\/\/bonaimatge.com\/#\/schema\/person\/ff45c3416462786681260eea5ed5ee99","name":"M\u00f2nica Carrasco","image":{"@type":"ImageObject","inLanguage":"es","@id":"https:\/\/bonaimatge.com\/#\/schema\/person\/image\/","url":"https:\/\/secure.gravatar.com\/avatar\/134d5c768f5d8ccf3d64439038057777d3b0833adbf1bb30e5c4336e200516f6?s=96&d=mm&r=g","contentUrl":"https:\/\/secure.gravatar.com\/avatar\/134d5c768f5d8ccf3d64439038057777d3b0833adbf1bb30e5c4336e200516f6?s=96&d=mm&r=g","caption":"M\u00f2nica Carrasco"},"url":"https:\/\/bonaimatge.com\/es\/author\/marina-troyano\/"}]}},"_links":{"self":[{"href":"https:\/\/bonaimatge.com\/es\/wp-json\/wp\/v2\/posts\/2091","targetHints":{"allow":["GET"]}}],"collection":[{"href":"https:\/\/bonaimatge.com\/es\/wp-json\/wp\/v2\/posts"}],"about":[{"href":"https:\/\/bonaimatge.com\/es\/wp-json\/wp\/v2\/types\/post"}],"author":[{"embeddable":true,"href":"https:\/\/bonaimatge.com\/es\/wp-json\/wp\/v2\/users\/4"}],"replies":[{"embeddable":true,"href":"https:\/\/bonaimatge.com\/es\/wp-json\/wp\/v2\/comments?post=2091"}],"version-history":[{"count":4,"href":"https:\/\/bonaimatge.com\/es\/wp-json\/wp\/v2\/posts\/2091\/revisions"}],"predecessor-version":[{"id":2101,"href":"https:\/\/bonaimatge.com\/es\/wp-json\/wp\/v2\/posts\/2091\/revisions\/2101"}],"wp:featuredmedia":[{"embeddable":true,"href":"https:\/\/bonaimatge.com\/es\/wp-json\/wp\/v2\/media\/2085"}],"wp:attachment":[{"href":"https:\/\/bonaimatge.com\/es\/wp-json\/wp\/v2\/media?parent=2091"}],"wp:term":[{"taxonomy":"category","embeddable":true,"href":"https:\/\/bonaimatge.com\/es\/wp-json\/wp\/v2\/categories?post=2091"},{"taxonomy":"post_tag","embeddable":true,"href":"https:\/\/bonaimatge.com\/es\/wp-json\/wp\/v2\/tags?post=2091"}],"curies":[{"name":"wp","href":"https:\/\/api.w.org\/{rel}","templated":true}]}}