{"id":2127,"date":"2022-06-15T08:50:20","date_gmt":"2022-06-15T06:50:20","guid":{"rendered":"https:\/\/bonaimatge.com\/?p=2127"},"modified":"2022-06-15T08:51:28","modified_gmt":"2022-06-15T06:51:28","slug":"como-integrar-el-webinar-en-tu-estrategia-de-comunicacion","status":"publish","type":"post","link":"https:\/\/bonaimatge.com\/es\/como-integrar-el-webinar-en-tu-estrategia-de-comunicacion\/","title":{"rendered":"Como integrar el webinar en tu estrategia de comunicaci\u00f3n"},"content":{"rendered":"<p>Las circunstancias de los dos \u00faltimos a\u00f1os han acelerado la proliferaci\u00f3n de los webinars y los sit\u00faan ya como una herramienta imprescindible para las empresas y totalmente integrada en sus planes de formaci\u00f3n y comunicaci\u00f3n.<\/p>\n<p>El formato webinar nos permite ampliar las posibilidades de contar con expertos y expertas, as\u00ed como llegar a un p\u00fablico a\u00fan m\u00e1s amplio que en sesiones presenciales. A su vez, generamos un contenido de valor que pasa a formar parte del cat\u00e1logo de la empresa y nos ayuda a acercarnos por una nueva v\u00eda a nuestro p\u00fablico objetivo. Este formato nos resulta extremadamente \u00fatil para ofrecer sesiones formativas alineadas con determinados objetivos de comunicaci\u00f3n. Compartimos con usted algunas claves a tener en cuenta para organizar webinares atractivos y que aporten valor:<\/p>\n<ul>\n<li><strong>La plataforma:<\/strong> una buena elecci\u00f3n del canal marcar\u00e1 profundamente el \u00e9xito del webinar. Hay que tener en cuenta que sea de f\u00e1cil acceso, usabilidad por organizadores y asistentes y nos ofrezca la adecuada capacidad y calidad.<\/li>\n<li><strong>Preparativos:<\/strong> fijar fecha y horario para facilitar la participaci\u00f3n, es necesario tener en cuenta calendarios de eventos oficiales relacionados con el tema o p\u00fablico objetivo. Es importante tambi\u00e9n realizar pruebas previas para trabajar diferentes escenarios y posibles incidencias, adem\u00e1s, en estas pruebas podremos estudiar correctamente la ubicaci\u00f3n del o la ponente para cuidar al m\u00e1ximo escenograf\u00eda, luz y sonido.<\/li>\n<li><strong>Promoci\u00f3n del evento:<\/strong> asegurarse de hacer llegar la informaci\u00f3n del webinar por los canales adecuado (redes sociales, web, newsletter, etc) y realizar un seguimiento de aquel p\u00fablico con el que ya tenemos una relaci\u00f3n previa y con el que nos interesa contar. Aqu\u00ed ser\u00e1 importante elaborar un sencillo formulario de registro que nos permita recoger datos de los asistentes para futuras acciones.<\/li>\n<li><strong>Formato y duraci\u00f3n:<\/strong> el o la ponente, debe tener un tiempo adecuado para articular su intervenci\u00f3n pero deberemos contar tambi\u00e9n con un peque\u00f1o espacio para que los asistentes puedan formular preguntas. La duraci\u00f3n m\u00e1xima recomendada ser\u00e1 de una hora. Es recomendable tambi\u00e9n contar con una persona que dirija y presente el evento y marque el ritmo adecuado entre intervenciones, adem\u00e1s de poder realizar una s\u00edntesis final a modo de cierre.<\/li>\n<li><strong>El post-webinar:<\/strong> el resultado del webinar nos generar\u00e1 un contenido \u00fatil y de calidad para realizar una comunicaci\u00f3n posterior con aquellas personas que no hayan podido asistir. Adem\u00e1s, ser\u00e1 bueno articular una comunicaci\u00f3n personalizada posterior al evento con los asistentes.<\/li>\n<\/ul>\n<p>\u00bfTienes una historia? \u00bfQuieres que te ayudemos a contarla? En Bonaimatge ponemos a tu disposici\u00f3n un equipo de profesionales en diversos \u00e1mbitos que dar\u00e1n forma a tu plan de comunicaci\u00f3n a medida y te acompa\u00f1ar\u00e1n para ponerlo en pr\u00e1ctica. Tambi\u00e9n podemos ayudarte a realizar acciones concretas de comunicaci\u00f3n. Puedes contactar con nosotros a trav\u00e9s de la web: <a href=\"http:\/\/www.bonaimatge.com\">www.bonaimatge.com<\/a><\/p>\n","protected":false},"excerpt":{"rendered":"<p>Las circunstancias de los dos \u00faltimos a\u00f1os han acelerado la proliferaci\u00f3n de los webinars y los sit\u00faan ya como una herramienta imprescindible para las empresas y totalmente integrada en sus planes de formaci\u00f3n y comunicaci\u00f3n. [&hellip;]<\/p>\n","protected":false},"author":4,"featured_media":2125,"comment_status":"open","ping_status":"closed","sticky":false,"template":"","format":"standard","meta":{"footnotes":""},"categories":[33],"tags":[119,83,74],"class_list":["post-2127","post","type-post","status-publish","format-standard","has-post-thumbnail","hentry","category-noticies-blog-es","tag-agencia-comunicacio-es","tag-bonaimatge-es","tag-comunicacio-es"],"yoast_head":"<!-- This site is optimized with the Yoast SEO plugin v25.8 - https:\/\/yoast.com\/wordpress\/plugins\/seo\/ -->\n<title>Como integrar el webinar en tu estrategia de comunicaci\u00f3n - Bonaimatge<\/title>\n<meta name=\"robots\" content=\"index, follow, max-snippet:-1, max-image-preview:large, max-video-preview:-1\" \/>\n<link rel=\"canonical\" href=\"https:\/\/bonaimatge.com\/com-integrar-el-webinar-en-la-teva-estrategia-de-comunicacio\/\" \/>\n<meta property=\"og:locale\" content=\"es_ES\" \/>\n<meta property=\"og:type\" content=\"article\" \/>\n<meta property=\"og:title\" content=\"Como integrar el webinar en tu estrategia de comunicaci\u00f3n - Bonaimatge\" \/>\n<meta property=\"og:description\" content=\"Las circunstancias de los dos \u00faltimos a\u00f1os han acelerado la proliferaci\u00f3n de los webinars y los sit\u00faan ya como una herramienta imprescindible para las empresas y totalmente integrada en sus planes de formaci\u00f3n y comunicaci\u00f3n. [&hellip;]\" \/>\n<meta property=\"og:url\" content=\"https:\/\/bonaimatge.com\/com-integrar-el-webinar-en-la-teva-estrategia-de-comunicacio\/\" \/>\n<meta property=\"og:site_name\" content=\"Bonaimatge\" \/>\n<meta property=\"article:published_time\" content=\"2022-06-15T06:50:20+00:00\" \/>\n<meta property=\"article:modified_time\" content=\"2022-06-15T06:51:28+00:00\" \/>\n<meta property=\"og:image\" content=\"https:\/\/bonaimatge.com\/wp-content\/uploads\/2022\/05\/pexels-cottonbro-4065624-e1653306233445.jpg\" \/>\n\t<meta property=\"og:image:width\" content=\"800\" \/>\n\t<meta property=\"og:image:height\" content=\"1198\" \/>\n\t<meta property=\"og:image:type\" content=\"image\/jpeg\" \/>\n<meta name=\"author\" content=\"M\u00f2nica Carrasco\" \/>\n<meta name=\"twitter:card\" content=\"summary_large_image\" \/>\n<meta name=\"twitter:label1\" content=\"Escrito por\" \/>\n\t<meta name=\"twitter:data1\" content=\"M\u00f2nica Carrasco\" \/>\n\t<meta name=\"twitter:label2\" content=\"Tiempo de lectura\" \/>\n\t<meta name=\"twitter:data2\" content=\"2 minutos\" \/>\n<script type=\"application\/ld+json\" class=\"yoast-schema-graph\">{\"@context\":\"https:\/\/schema.org\",\"@graph\":[{\"@type\":\"WebPage\",\"@id\":\"https:\/\/bonaimatge.com\/com-integrar-el-webinar-en-la-teva-estrategia-de-comunicacio\/\",\"url\":\"https:\/\/bonaimatge.com\/com-integrar-el-webinar-en-la-teva-estrategia-de-comunicacio\/\",\"name\":\"Como integrar el webinar en tu estrategia de comunicaci\u00f3n - Bonaimatge\",\"isPartOf\":{\"@id\":\"https:\/\/bonaimatge.com\/#website\"},\"primaryImageOfPage\":{\"@id\":\"https:\/\/bonaimatge.com\/com-integrar-el-webinar-en-la-teva-estrategia-de-comunicacio\/#primaryimage\"},\"image\":{\"@id\":\"https:\/\/bonaimatge.com\/com-integrar-el-webinar-en-la-teva-estrategia-de-comunicacio\/#primaryimage\"},\"thumbnailUrl\":\"https:\/\/bonaimatge.com\/wp-content\/uploads\/2022\/05\/pexels-cottonbro-4065624-e1653306233445.jpg\",\"datePublished\":\"2022-06-15T06:50:20+00:00\",\"dateModified\":\"2022-06-15T06:51:28+00:00\",\"author\":{\"@id\":\"https:\/\/bonaimatge.com\/#\/schema\/person\/ff45c3416462786681260eea5ed5ee99\"},\"breadcrumb\":{\"@id\":\"https:\/\/bonaimatge.com\/com-integrar-el-webinar-en-la-teva-estrategia-de-comunicacio\/#breadcrumb\"},\"inLanguage\":\"es\",\"potentialAction\":[{\"@type\":\"ReadAction\",\"target\":[\"https:\/\/bonaimatge.com\/com-integrar-el-webinar-en-la-teva-estrategia-de-comunicacio\/\"]}]},{\"@type\":\"ImageObject\",\"inLanguage\":\"es\",\"@id\":\"https:\/\/bonaimatge.com\/com-integrar-el-webinar-en-la-teva-estrategia-de-comunicacio\/#primaryimage\",\"url\":\"https:\/\/bonaimatge.com\/wp-content\/uploads\/2022\/05\/pexels-cottonbro-4065624-e1653306233445.jpg\",\"contentUrl\":\"https:\/\/bonaimatge.com\/wp-content\/uploads\/2022\/05\/pexels-cottonbro-4065624-e1653306233445.jpg\",\"width\":800,\"height\":1198},{\"@type\":\"BreadcrumbList\",\"@id\":\"https:\/\/bonaimatge.com\/com-integrar-el-webinar-en-la-teva-estrategia-de-comunicacio\/#breadcrumb\",\"itemListElement\":[{\"@type\":\"ListItem\",\"position\":1,\"name\":\"Inici\",\"item\":\"https:\/\/bonaimatge.com\/es\/\"},{\"@type\":\"ListItem\",\"position\":2,\"name\":\"Como integrar el webinar en tu estrategia de comunicaci\u00f3n\"}]},{\"@type\":\"WebSite\",\"@id\":\"https:\/\/bonaimatge.com\/#website\",\"url\":\"https:\/\/bonaimatge.com\/\",\"name\":\"Bonaimatge\",\"description\":\"Comunicaci\u00f3\",\"potentialAction\":[{\"@type\":\"SearchAction\",\"target\":{\"@type\":\"EntryPoint\",\"urlTemplate\":\"https:\/\/bonaimatge.com\/?s={search_term_string}\"},\"query-input\":{\"@type\":\"PropertyValueSpecification\",\"valueRequired\":true,\"valueName\":\"search_term_string\"}}],\"inLanguage\":\"es\"},{\"@type\":\"Person\",\"@id\":\"https:\/\/bonaimatge.com\/#\/schema\/person\/ff45c3416462786681260eea5ed5ee99\",\"name\":\"M\u00f2nica Carrasco\",\"image\":{\"@type\":\"ImageObject\",\"inLanguage\":\"es\",\"@id\":\"https:\/\/bonaimatge.com\/#\/schema\/person\/image\/\",\"url\":\"https:\/\/secure.gravatar.com\/avatar\/134d5c768f5d8ccf3d64439038057777d3b0833adbf1bb30e5c4336e200516f6?s=96&d=mm&r=g\",\"contentUrl\":\"https:\/\/secure.gravatar.com\/avatar\/134d5c768f5d8ccf3d64439038057777d3b0833adbf1bb30e5c4336e200516f6?s=96&d=mm&r=g\",\"caption\":\"M\u00f2nica Carrasco\"},\"url\":\"https:\/\/bonaimatge.com\/es\/author\/marina-troyano\/\"}]}<\/script>\n<!-- \/ Yoast SEO plugin. -->","yoast_head_json":{"title":"Como integrar el webinar en tu estrategia de comunicaci\u00f3n - Bonaimatge","robots":{"index":"index","follow":"follow","max-snippet":"max-snippet:-1","max-image-preview":"max-image-preview:large","max-video-preview":"max-video-preview:-1"},"canonical":"https:\/\/bonaimatge.com\/com-integrar-el-webinar-en-la-teva-estrategia-de-comunicacio\/","og_locale":"es_ES","og_type":"article","og_title":"Como integrar el webinar en tu estrategia de comunicaci\u00f3n - Bonaimatge","og_description":"Las circunstancias de los dos \u00faltimos a\u00f1os han acelerado la proliferaci\u00f3n de los webinars y los sit\u00faan ya como una herramienta imprescindible para las empresas y totalmente integrada en sus planes de formaci\u00f3n y comunicaci\u00f3n. [&hellip;]","og_url":"https:\/\/bonaimatge.com\/com-integrar-el-webinar-en-la-teva-estrategia-de-comunicacio\/","og_site_name":"Bonaimatge","article_published_time":"2022-06-15T06:50:20+00:00","article_modified_time":"2022-06-15T06:51:28+00:00","og_image":[{"width":800,"height":1198,"url":"https:\/\/bonaimatge.com\/wp-content\/uploads\/2022\/05\/pexels-cottonbro-4065624-e1653306233445.jpg","type":"image\/jpeg"}],"author":"M\u00f2nica Carrasco","twitter_card":"summary_large_image","twitter_misc":{"Escrito por":"M\u00f2nica Carrasco","Tiempo de lectura":"2 minutos"},"schema":{"@context":"https:\/\/schema.org","@graph":[{"@type":"WebPage","@id":"https:\/\/bonaimatge.com\/com-integrar-el-webinar-en-la-teva-estrategia-de-comunicacio\/","url":"https:\/\/bonaimatge.com\/com-integrar-el-webinar-en-la-teva-estrategia-de-comunicacio\/","name":"Como integrar el webinar en tu estrategia de comunicaci\u00f3n - Bonaimatge","isPartOf":{"@id":"https:\/\/bonaimatge.com\/#website"},"primaryImageOfPage":{"@id":"https:\/\/bonaimatge.com\/com-integrar-el-webinar-en-la-teva-estrategia-de-comunicacio\/#primaryimage"},"image":{"@id":"https:\/\/bonaimatge.com\/com-integrar-el-webinar-en-la-teva-estrategia-de-comunicacio\/#primaryimage"},"thumbnailUrl":"https:\/\/bonaimatge.com\/wp-content\/uploads\/2022\/05\/pexels-cottonbro-4065624-e1653306233445.jpg","datePublished":"2022-06-15T06:50:20+00:00","dateModified":"2022-06-15T06:51:28+00:00","author":{"@id":"https:\/\/bonaimatge.com\/#\/schema\/person\/ff45c3416462786681260eea5ed5ee99"},"breadcrumb":{"@id":"https:\/\/bonaimatge.com\/com-integrar-el-webinar-en-la-teva-estrategia-de-comunicacio\/#breadcrumb"},"inLanguage":"es","potentialAction":[{"@type":"ReadAction","target":["https:\/\/bonaimatge.com\/com-integrar-el-webinar-en-la-teva-estrategia-de-comunicacio\/"]}]},{"@type":"ImageObject","inLanguage":"es","@id":"https:\/\/bonaimatge.com\/com-integrar-el-webinar-en-la-teva-estrategia-de-comunicacio\/#primaryimage","url":"https:\/\/bonaimatge.com\/wp-content\/uploads\/2022\/05\/pexels-cottonbro-4065624-e1653306233445.jpg","contentUrl":"https:\/\/bonaimatge.com\/wp-content\/uploads\/2022\/05\/pexels-cottonbro-4065624-e1653306233445.jpg","width":800,"height":1198},{"@type":"BreadcrumbList","@id":"https:\/\/bonaimatge.com\/com-integrar-el-webinar-en-la-teva-estrategia-de-comunicacio\/#breadcrumb","itemListElement":[{"@type":"ListItem","position":1,"name":"Inici","item":"https:\/\/bonaimatge.com\/es\/"},{"@type":"ListItem","position":2,"name":"Como integrar el webinar en tu estrategia de comunicaci\u00f3n"}]},{"@type":"WebSite","@id":"https:\/\/bonaimatge.com\/#website","url":"https:\/\/bonaimatge.com\/","name":"Bonaimatge","description":"Comunicaci\u00f3","potentialAction":[{"@type":"SearchAction","target":{"@type":"EntryPoint","urlTemplate":"https:\/\/bonaimatge.com\/?s={search_term_string}"},"query-input":{"@type":"PropertyValueSpecification","valueRequired":true,"valueName":"search_term_string"}}],"inLanguage":"es"},{"@type":"Person","@id":"https:\/\/bonaimatge.com\/#\/schema\/person\/ff45c3416462786681260eea5ed5ee99","name":"M\u00f2nica Carrasco","image":{"@type":"ImageObject","inLanguage":"es","@id":"https:\/\/bonaimatge.com\/#\/schema\/person\/image\/","url":"https:\/\/secure.gravatar.com\/avatar\/134d5c768f5d8ccf3d64439038057777d3b0833adbf1bb30e5c4336e200516f6?s=96&d=mm&r=g","contentUrl":"https:\/\/secure.gravatar.com\/avatar\/134d5c768f5d8ccf3d64439038057777d3b0833adbf1bb30e5c4336e200516f6?s=96&d=mm&r=g","caption":"M\u00f2nica Carrasco"},"url":"https:\/\/bonaimatge.com\/es\/author\/marina-troyano\/"}]}},"_links":{"self":[{"href":"https:\/\/bonaimatge.com\/es\/wp-json\/wp\/v2\/posts\/2127","targetHints":{"allow":["GET"]}}],"collection":[{"href":"https:\/\/bonaimatge.com\/es\/wp-json\/wp\/v2\/posts"}],"about":[{"href":"https:\/\/bonaimatge.com\/es\/wp-json\/wp\/v2\/types\/post"}],"author":[{"embeddable":true,"href":"https:\/\/bonaimatge.com\/es\/wp-json\/wp\/v2\/users\/4"}],"replies":[{"embeddable":true,"href":"https:\/\/bonaimatge.com\/es\/wp-json\/wp\/v2\/comments?post=2127"}],"version-history":[{"count":3,"href":"https:\/\/bonaimatge.com\/es\/wp-json\/wp\/v2\/posts\/2127\/revisions"}],"predecessor-version":[{"id":2131,"href":"https:\/\/bonaimatge.com\/es\/wp-json\/wp\/v2\/posts\/2127\/revisions\/2131"}],"wp:featuredmedia":[{"embeddable":true,"href":"https:\/\/bonaimatge.com\/es\/wp-json\/wp\/v2\/media\/2125"}],"wp:attachment":[{"href":"https:\/\/bonaimatge.com\/es\/wp-json\/wp\/v2\/media?parent=2127"}],"wp:term":[{"taxonomy":"category","embeddable":true,"href":"https:\/\/bonaimatge.com\/es\/wp-json\/wp\/v2\/categories?post=2127"},{"taxonomy":"post_tag","embeddable":true,"href":"https:\/\/bonaimatge.com\/es\/wp-json\/wp\/v2\/tags?post=2127"}],"curies":[{"name":"wp","href":"https:\/\/api.w.org\/{rel}","templated":true}]}}