{"id":2221,"date":"2023-05-22T11:05:52","date_gmt":"2023-05-22T09:05:52","guid":{"rendered":"https:\/\/bonaimatge.com\/?p=2221"},"modified":"2023-05-22T11:08:10","modified_gmt":"2023-05-22T09:08:10","slug":"como-aprovechar-todo-el-potencial-de-una-rueda-de-prensa","status":"publish","type":"post","link":"https:\/\/bonaimatge.com\/es\/como-aprovechar-todo-el-potencial-de-una-rueda-de-prensa\/","title":{"rendered":"C\u00f3mo aprovechar todo el potencial de una rueda de prensa"},"content":{"rendered":"<p>La rueda de prensa es un elemento esencial y muy habitual en cualquier estrategia de comunicaci\u00f3n empresarial e institucional. Ahora bien, es necesario estudiar muy bien cu\u00e1ndo, c\u00f3mo y por qu\u00e9 organizar una. El objetivo principal de una rueda de prensa es informar de un tema concreto, dando la posibilidad a los y las profesionales de la prensa de hacer preguntas de forma directa para que lo trasladen a sus medios de comunicaci\u00f3n.<\/p>\n<p>Existen muchos elementos a tener en cuenta para aprovechar al m\u00e1ximo el potencial de un recurso como la rueda de prensa. A continuaci\u00f3n detallamos cinco que marcan la diferencia.<\/p>\n<ul>\n<li><strong>Tema.<\/strong> Puede parecer una obviedad pero no lo es en absoluto, es necesario asegurarse de la fuerza del tema que motiva la convocatoria de prensa y valorar en cada caso si podemos vehicularlo a trav\u00e9s de una nota de prensa o entrevista, o bien, o si el tema o anuncio tiene suficiente potencial como para estructurar una rueda de prensa a su alrededor.<\/li>\n<li><strong>Espacio.<\/strong> Conocer los medios a los que se convoca ser\u00e1 importante para elegir una localizaci\u00f3n adecuada y habr\u00e1 que tener en cuenta que la iluminaci\u00f3n, elementos visuales y el tipo de espacio favorezcan el objetivo. Adem\u00e1s, ser\u00e1 importante tener en cuenta cuestiones como sonido, posibilidad de conexi\u00f3n, accesibilidad, etc.<\/li>\n<li><strong>Cu\u00e1ndo.<\/strong> Tener una visi\u00f3n ajustada de la agenda period\u00edstica de la jornada para intentar que nuestra rueda de prensa no coincida con otras convocatorias es importante, as\u00ed como lo es conocer las rutinas y horarios clave de los medios para elegir el mejor momento y lugar para celebrarla.<\/li>\n<li><strong>Portavoz.<\/strong> Hay que preparar a la persona que intervendr\u00e1 en la rueda de prensa para asegurarnos de que tiene toda la informaci\u00f3n sobre el tema, marcar aspectos clave a transmitir y trabajar a fondo la forma de expresarlo.<\/li>\n<li><strong>Contenido<\/strong>. M\u00e1s all\u00e1 del mensaje, es necesario estructurar la rueda de prensa de forma que sea \u00e1gil, breve y clara; aportando datos clave y dando espacio suficiente para que los y las profesionales de los medios puedan realizar las preguntas que crean convenientes. Esto se complementar\u00e1 con la entrega de un dossier y nota de prensa posterior.<\/li>\n<\/ul>\n<p><img decoding=\"async\" class=\"aligncenter size-full wp-image-2218\" src=\"https:\/\/bonaimatge.com\/wp-content\/uploads\/2023\/05\/Diseno-sin-titulo-e1684746331876.jpg\" alt=\"\" width=\"800\" height=\"400\" srcset=\"https:\/\/bonaimatge.com\/wp-content\/uploads\/2023\/05\/Diseno-sin-titulo-e1684746331876-200x100.jpg 200w, https:\/\/bonaimatge.com\/wp-content\/uploads\/2023\/05\/Diseno-sin-titulo-e1684746331876-300x150.jpg 300w, https:\/\/bonaimatge.com\/wp-content\/uploads\/2023\/05\/Diseno-sin-titulo-e1684746331876-400x200.jpg 400w, https:\/\/bonaimatge.com\/wp-content\/uploads\/2023\/05\/Diseno-sin-titulo-e1684746331876-600x300.jpg 600w, https:\/\/bonaimatge.com\/wp-content\/uploads\/2023\/05\/Diseno-sin-titulo-e1684746331876-768x384.jpg 768w, https:\/\/bonaimatge.com\/wp-content\/uploads\/2023\/05\/Diseno-sin-titulo-e1684746331876.jpg 800w\" sizes=\"(max-width: 800px) 100vw, 800px\" \/><\/p>\n<p>\u00bfTienes una historia? \u00bfQuieres que te ayudemos a contarla? En <a href=\"http:\/\/www.bonaimatge.com\">Bonaimatge<\/a> ponemos a tu disposici\u00f3n un equipo de profesionales en diversos \u00e1mbitos que dar\u00e1n forma a tu plan de comunicaci\u00f3n a medida y te acompa\u00f1ar\u00e1n para ponerlo en pr\u00e1ctica. Tambi\u00e9n podemos ayudarte a realizar acciones concretas de comunicaci\u00f3n. Puedes contactar con nosotros a trav\u00e9s de la web: <a href=\"http:\/\/www.bonaimatge.com\">www.bonaimatge.com<\/a><\/p>\n","protected":false},"excerpt":{"rendered":"<p>La rueda de prensa es un elemento esencial y muy habitual en cualquier estrategia de comunicaci\u00f3n empresarial e institucional. Ahora bien, es necesario estudiar muy bien cu\u00e1ndo, c\u00f3mo y por qu\u00e9 organizar una. El objetivo [&hellip;]<\/p>\n","protected":false},"author":4,"featured_media":2216,"comment_status":"open","ping_status":"closed","sticky":false,"template":"","format":"standard","meta":{"footnotes":""},"categories":[33],"tags":[83,74,130,79,111],"class_list":["post-2221","post","type-post","status-publish","format-standard","has-post-thumbnail","hentry","category-noticies-blog-es","tag-bonaimatge-es","tag-comunicacio-es","tag-comunicaciocorporativa-es","tag-empresa-es","tag-premsa-es"],"yoast_head":"<!-- This site is optimized with the Yoast SEO plugin v25.8 - https:\/\/yoast.com\/wordpress\/plugins\/seo\/ -->\n<title>C\u00f3mo aprovechar todo el potencial de una rueda de prensa - Bonaimatge<\/title>\n<meta name=\"robots\" content=\"index, follow, max-snippet:-1, max-image-preview:large, max-video-preview:-1\" \/>\n<link rel=\"canonical\" href=\"https:\/\/bonaimatge.com\/com-aprofitar-tot-el-potencial-duna-roda-de-premsa\/\" \/>\n<meta property=\"og:locale\" content=\"es_ES\" \/>\n<meta property=\"og:type\" content=\"article\" \/>\n<meta property=\"og:title\" content=\"C\u00f3mo aprovechar todo el potencial de una rueda de prensa - Bonaimatge\" \/>\n<meta property=\"og:description\" content=\"La rueda de prensa es un elemento esencial y muy habitual en cualquier estrategia de comunicaci\u00f3n empresarial e institucional. Ahora bien, es necesario estudiar muy bien cu\u00e1ndo, c\u00f3mo y por qu\u00e9 organizar una. El objetivo [&hellip;]\" \/>\n<meta property=\"og:url\" content=\"https:\/\/bonaimatge.com\/com-aprofitar-tot-el-potencial-duna-roda-de-premsa\/\" \/>\n<meta property=\"og:site_name\" content=\"Bonaimatge\" \/>\n<meta property=\"article:published_time\" content=\"2023-05-22T09:05:52+00:00\" \/>\n<meta property=\"article:modified_time\" content=\"2023-05-22T09:08:10+00:00\" \/>\n<meta property=\"og:image\" content=\"https:\/\/bonaimatge.com\/wp-content\/uploads\/2023\/05\/ti.png\" \/>\n\t<meta property=\"og:image:width\" content=\"800\" \/>\n\t<meta property=\"og:image:height\" content=\"800\" \/>\n\t<meta property=\"og:image:type\" content=\"image\/png\" \/>\n<meta name=\"author\" content=\"M\u00f2nica Carrasco\" \/>\n<meta name=\"twitter:card\" content=\"summary_large_image\" \/>\n<meta name=\"twitter:label1\" content=\"Escrito por\" \/>\n\t<meta name=\"twitter:data1\" content=\"M\u00f2nica Carrasco\" \/>\n\t<meta name=\"twitter:label2\" content=\"Tiempo de lectura\" \/>\n\t<meta name=\"twitter:data2\" content=\"2 minutos\" \/>\n<script type=\"application\/ld+json\" class=\"yoast-schema-graph\">{\"@context\":\"https:\/\/schema.org\",\"@graph\":[{\"@type\":\"WebPage\",\"@id\":\"https:\/\/bonaimatge.com\/com-aprofitar-tot-el-potencial-duna-roda-de-premsa\/\",\"url\":\"https:\/\/bonaimatge.com\/com-aprofitar-tot-el-potencial-duna-roda-de-premsa\/\",\"name\":\"C\u00f3mo aprovechar todo el potencial de una rueda de prensa - Bonaimatge\",\"isPartOf\":{\"@id\":\"https:\/\/bonaimatge.com\/#website\"},\"primaryImageOfPage\":{\"@id\":\"https:\/\/bonaimatge.com\/com-aprofitar-tot-el-potencial-duna-roda-de-premsa\/#primaryimage\"},\"image\":{\"@id\":\"https:\/\/bonaimatge.com\/com-aprofitar-tot-el-potencial-duna-roda-de-premsa\/#primaryimage\"},\"thumbnailUrl\":\"https:\/\/bonaimatge.com\/wp-content\/uploads\/2023\/05\/ti.png\",\"datePublished\":\"2023-05-22T09:05:52+00:00\",\"dateModified\":\"2023-05-22T09:08:10+00:00\",\"author\":{\"@id\":\"https:\/\/bonaimatge.com\/#\/schema\/person\/ff45c3416462786681260eea5ed5ee99\"},\"breadcrumb\":{\"@id\":\"https:\/\/bonaimatge.com\/com-aprofitar-tot-el-potencial-duna-roda-de-premsa\/#breadcrumb\"},\"inLanguage\":\"es\",\"potentialAction\":[{\"@type\":\"ReadAction\",\"target\":[\"https:\/\/bonaimatge.com\/com-aprofitar-tot-el-potencial-duna-roda-de-premsa\/\"]}]},{\"@type\":\"ImageObject\",\"inLanguage\":\"es\",\"@id\":\"https:\/\/bonaimatge.com\/com-aprofitar-tot-el-potencial-duna-roda-de-premsa\/#primaryimage\",\"url\":\"https:\/\/bonaimatge.com\/wp-content\/uploads\/2023\/05\/ti.png\",\"contentUrl\":\"https:\/\/bonaimatge.com\/wp-content\/uploads\/2023\/05\/ti.png\",\"width\":800,\"height\":800},{\"@type\":\"BreadcrumbList\",\"@id\":\"https:\/\/bonaimatge.com\/com-aprofitar-tot-el-potencial-duna-roda-de-premsa\/#breadcrumb\",\"itemListElement\":[{\"@type\":\"ListItem\",\"position\":1,\"name\":\"Inici\",\"item\":\"https:\/\/bonaimatge.com\/es\/\"},{\"@type\":\"ListItem\",\"position\":2,\"name\":\"C\u00f3mo aprovechar todo el potencial de una rueda de prensa\"}]},{\"@type\":\"WebSite\",\"@id\":\"https:\/\/bonaimatge.com\/#website\",\"url\":\"https:\/\/bonaimatge.com\/\",\"name\":\"Bonaimatge\",\"description\":\"Comunicaci\u00f3\",\"potentialAction\":[{\"@type\":\"SearchAction\",\"target\":{\"@type\":\"EntryPoint\",\"urlTemplate\":\"https:\/\/bonaimatge.com\/?s={search_term_string}\"},\"query-input\":{\"@type\":\"PropertyValueSpecification\",\"valueRequired\":true,\"valueName\":\"search_term_string\"}}],\"inLanguage\":\"es\"},{\"@type\":\"Person\",\"@id\":\"https:\/\/bonaimatge.com\/#\/schema\/person\/ff45c3416462786681260eea5ed5ee99\",\"name\":\"M\u00f2nica Carrasco\",\"image\":{\"@type\":\"ImageObject\",\"inLanguage\":\"es\",\"@id\":\"https:\/\/bonaimatge.com\/#\/schema\/person\/image\/\",\"url\":\"https:\/\/secure.gravatar.com\/avatar\/134d5c768f5d8ccf3d64439038057777d3b0833adbf1bb30e5c4336e200516f6?s=96&d=mm&r=g\",\"contentUrl\":\"https:\/\/secure.gravatar.com\/avatar\/134d5c768f5d8ccf3d64439038057777d3b0833adbf1bb30e5c4336e200516f6?s=96&d=mm&r=g\",\"caption\":\"M\u00f2nica Carrasco\"},\"url\":\"https:\/\/bonaimatge.com\/es\/author\/marina-troyano\/\"}]}<\/script>\n<!-- \/ Yoast SEO plugin. -->","yoast_head_json":{"title":"C\u00f3mo aprovechar todo el potencial de una rueda de prensa - Bonaimatge","robots":{"index":"index","follow":"follow","max-snippet":"max-snippet:-1","max-image-preview":"max-image-preview:large","max-video-preview":"max-video-preview:-1"},"canonical":"https:\/\/bonaimatge.com\/com-aprofitar-tot-el-potencial-duna-roda-de-premsa\/","og_locale":"es_ES","og_type":"article","og_title":"C\u00f3mo aprovechar todo el potencial de una rueda de prensa - Bonaimatge","og_description":"La rueda de prensa es un elemento esencial y muy habitual en cualquier estrategia de comunicaci\u00f3n empresarial e institucional. Ahora bien, es necesario estudiar muy bien cu\u00e1ndo, c\u00f3mo y por qu\u00e9 organizar una. El objetivo [&hellip;]","og_url":"https:\/\/bonaimatge.com\/com-aprofitar-tot-el-potencial-duna-roda-de-premsa\/","og_site_name":"Bonaimatge","article_published_time":"2023-05-22T09:05:52+00:00","article_modified_time":"2023-05-22T09:08:10+00:00","og_image":[{"width":800,"height":800,"url":"https:\/\/bonaimatge.com\/wp-content\/uploads\/2023\/05\/ti.png","type":"image\/png"}],"author":"M\u00f2nica Carrasco","twitter_card":"summary_large_image","twitter_misc":{"Escrito por":"M\u00f2nica Carrasco","Tiempo de lectura":"2 minutos"},"schema":{"@context":"https:\/\/schema.org","@graph":[{"@type":"WebPage","@id":"https:\/\/bonaimatge.com\/com-aprofitar-tot-el-potencial-duna-roda-de-premsa\/","url":"https:\/\/bonaimatge.com\/com-aprofitar-tot-el-potencial-duna-roda-de-premsa\/","name":"C\u00f3mo aprovechar todo el potencial de una rueda de prensa - Bonaimatge","isPartOf":{"@id":"https:\/\/bonaimatge.com\/#website"},"primaryImageOfPage":{"@id":"https:\/\/bonaimatge.com\/com-aprofitar-tot-el-potencial-duna-roda-de-premsa\/#primaryimage"},"image":{"@id":"https:\/\/bonaimatge.com\/com-aprofitar-tot-el-potencial-duna-roda-de-premsa\/#primaryimage"},"thumbnailUrl":"https:\/\/bonaimatge.com\/wp-content\/uploads\/2023\/05\/ti.png","datePublished":"2023-05-22T09:05:52+00:00","dateModified":"2023-05-22T09:08:10+00:00","author":{"@id":"https:\/\/bonaimatge.com\/#\/schema\/person\/ff45c3416462786681260eea5ed5ee99"},"breadcrumb":{"@id":"https:\/\/bonaimatge.com\/com-aprofitar-tot-el-potencial-duna-roda-de-premsa\/#breadcrumb"},"inLanguage":"es","potentialAction":[{"@type":"ReadAction","target":["https:\/\/bonaimatge.com\/com-aprofitar-tot-el-potencial-duna-roda-de-premsa\/"]}]},{"@type":"ImageObject","inLanguage":"es","@id":"https:\/\/bonaimatge.com\/com-aprofitar-tot-el-potencial-duna-roda-de-premsa\/#primaryimage","url":"https:\/\/bonaimatge.com\/wp-content\/uploads\/2023\/05\/ti.png","contentUrl":"https:\/\/bonaimatge.com\/wp-content\/uploads\/2023\/05\/ti.png","width":800,"height":800},{"@type":"BreadcrumbList","@id":"https:\/\/bonaimatge.com\/com-aprofitar-tot-el-potencial-duna-roda-de-premsa\/#breadcrumb","itemListElement":[{"@type":"ListItem","position":1,"name":"Inici","item":"https:\/\/bonaimatge.com\/es\/"},{"@type":"ListItem","position":2,"name":"C\u00f3mo aprovechar todo el potencial de una rueda de prensa"}]},{"@type":"WebSite","@id":"https:\/\/bonaimatge.com\/#website","url":"https:\/\/bonaimatge.com\/","name":"Bonaimatge","description":"Comunicaci\u00f3","potentialAction":[{"@type":"SearchAction","target":{"@type":"EntryPoint","urlTemplate":"https:\/\/bonaimatge.com\/?s={search_term_string}"},"query-input":{"@type":"PropertyValueSpecification","valueRequired":true,"valueName":"search_term_string"}}],"inLanguage":"es"},{"@type":"Person","@id":"https:\/\/bonaimatge.com\/#\/schema\/person\/ff45c3416462786681260eea5ed5ee99","name":"M\u00f2nica Carrasco","image":{"@type":"ImageObject","inLanguage":"es","@id":"https:\/\/bonaimatge.com\/#\/schema\/person\/image\/","url":"https:\/\/secure.gravatar.com\/avatar\/134d5c768f5d8ccf3d64439038057777d3b0833adbf1bb30e5c4336e200516f6?s=96&d=mm&r=g","contentUrl":"https:\/\/secure.gravatar.com\/avatar\/134d5c768f5d8ccf3d64439038057777d3b0833adbf1bb30e5c4336e200516f6?s=96&d=mm&r=g","caption":"M\u00f2nica Carrasco"},"url":"https:\/\/bonaimatge.com\/es\/author\/marina-troyano\/"}]}},"_links":{"self":[{"href":"https:\/\/bonaimatge.com\/es\/wp-json\/wp\/v2\/posts\/2221","targetHints":{"allow":["GET"]}}],"collection":[{"href":"https:\/\/bonaimatge.com\/es\/wp-json\/wp\/v2\/posts"}],"about":[{"href":"https:\/\/bonaimatge.com\/es\/wp-json\/wp\/v2\/types\/post"}],"author":[{"embeddable":true,"href":"https:\/\/bonaimatge.com\/es\/wp-json\/wp\/v2\/users\/4"}],"replies":[{"embeddable":true,"href":"https:\/\/bonaimatge.com\/es\/wp-json\/wp\/v2\/comments?post=2221"}],"version-history":[{"count":3,"href":"https:\/\/bonaimatge.com\/es\/wp-json\/wp\/v2\/posts\/2221\/revisions"}],"predecessor-version":[{"id":2224,"href":"https:\/\/bonaimatge.com\/es\/wp-json\/wp\/v2\/posts\/2221\/revisions\/2224"}],"wp:featuredmedia":[{"embeddable":true,"href":"https:\/\/bonaimatge.com\/es\/wp-json\/wp\/v2\/media\/2216"}],"wp:attachment":[{"href":"https:\/\/bonaimatge.com\/es\/wp-json\/wp\/v2\/media?parent=2221"}],"wp:term":[{"taxonomy":"category","embeddable":true,"href":"https:\/\/bonaimatge.com\/es\/wp-json\/wp\/v2\/categories?post=2221"},{"taxonomy":"post_tag","embeddable":true,"href":"https:\/\/bonaimatge.com\/es\/wp-json\/wp\/v2\/tags?post=2221"}],"curies":[{"name":"wp","href":"https:\/\/api.w.org\/{rel}","templated":true}]}}