{"id":2248,"date":"2023-09-06T14:51:51","date_gmt":"2023-09-06T12:51:51","guid":{"rendered":"https:\/\/bonaimatge.com\/?p=2248"},"modified":"2023-09-06T14:56:58","modified_gmt":"2023-09-06T12:56:58","slug":"planifica-tu-comunicacion-para-obtener-mejores-resultados","status":"publish","type":"post","link":"https:\/\/bonaimatge.com\/es\/planifica-tu-comunicacion-para-obtener-mejores-resultados\/","title":{"rendered":"Planifica tu comunicaci\u00f3n para obtener mejores resultados"},"content":{"rendered":"<p>El inicio del curso en septiembre es un buen momento para planificar las acciones de comunicaci\u00f3n imprescindibles de tu empresa hasta el cierre del a\u00f1o. Como hemos comentado en art\u00edculos anteriores, la comunicaci\u00f3n es un elemento vivo, muchas de las acciones a emprender tienen que ver con elementos de actualidad o posibles imprevistos. Ahora bien, existen acciones y elementos que conocemos con suficiente antelaci\u00f3n y que nos permitir\u00e1n establecer un calendario de actividades esenciales.<\/p>\n<p>Una planificaci\u00f3n estrat\u00e9gica de comunicaci\u00f3n nos permitir\u00e1:<\/p>\n<ul>\n<li>Aprovechar mejor el tiempo y recursos<\/li>\n<li>Facilita la anticipaci\u00f3n y un enfoque<\/li>\n<li>Concretar tareas<\/li>\n<li>Dise\u00f1ar campa\u00f1as m\u00e1s adecuadas efectivas<\/li>\n<li>Definir mejor el papel de la comunicaci\u00f3n en la actividad de la empresa<\/li>\n<li>Alcanzar objetivos y realizar una monitorizaci\u00f3n adecuada<\/li>\n<li>Incrementar el valor de la comunicaci\u00f3n en la organizaci\u00f3n<\/li>\n<\/ul>\n<p>&nbsp;<\/p>\n<p><img decoding=\"async\" class=\"aligncenter size-full wp-image-2246\" src=\"https:\/\/bonaimatge.com\/wp-content\/uploads\/2023\/09\/pexels-breakingpic-3059-scaled-e1694004542762.jpg\" alt=\"\" width=\"800\" height=\"533\" srcset=\"https:\/\/bonaimatge.com\/wp-content\/uploads\/2023\/09\/pexels-breakingpic-3059-scaled-e1694004542762-200x133.jpg 200w, https:\/\/bonaimatge.com\/wp-content\/uploads\/2023\/09\/pexels-breakingpic-3059-scaled-e1694004542762-300x200.jpg 300w, https:\/\/bonaimatge.com\/wp-content\/uploads\/2023\/09\/pexels-breakingpic-3059-scaled-e1694004542762-400x267.jpg 400w, https:\/\/bonaimatge.com\/wp-content\/uploads\/2023\/09\/pexels-breakingpic-3059-scaled-e1694004542762-600x400.jpg 600w, https:\/\/bonaimatge.com\/wp-content\/uploads\/2023\/09\/pexels-breakingpic-3059-scaled-e1694004542762-768x512.jpg 768w, https:\/\/bonaimatge.com\/wp-content\/uploads\/2023\/09\/pexels-breakingpic-3059-scaled-e1694004542762.jpg 800w\" sizes=\"(max-width: 800px) 100vw, 800px\" \/><\/p>\n<p>Sentarse frente el calendario, empezar a ordenar la informaci\u00f3n y marcar plazos en las tareas es el primer paso necesario para organizar una estrategia efectiva en comunicaci\u00f3n y nos permitir\u00e1 obtener mejores resultados en este campo.<\/p>\n<p>\u00bfTienes una historia? \u00bfNecesitas que te ayudemos a explicarla ya planificar tus acciones de comunicaci\u00f3n? En <a href=\"http:\/\/www.bonaimatge.com\">Bonaimatge<\/a> ponemos a tu disposici\u00f3n un equipo de profesionales en diversos \u00e1mbitos que dar\u00e1n forma a tu plan de comunicaci\u00f3n a medida y te acompa\u00f1ar\u00e1n para ponerlo en pr\u00e1ctica. Tambi\u00e9n podemos ayudarte a realizar acciones concretas de comunicaci\u00f3n. Puedes contactar con nosotros a trav\u00e9s de la web: <a href=\"http:\/\/www.bonaimatge.com\">www.bonaimatge.com<\/a><\/p>\n","protected":false},"excerpt":{"rendered":"<p>El inicio del curso en septiembre es un buen momento para planificar las acciones de comunicaci\u00f3n imprescindibles de tu empresa hasta el cierre del a\u00f1o. Como hemos comentado en art\u00edculos anteriores, la comunicaci\u00f3n es un [&hellip;]<\/p>\n","protected":false},"author":4,"featured_media":2252,"comment_status":"open","ping_status":"closed","sticky":false,"template":"","format":"standard","meta":{"footnotes":""},"categories":[33],"tags":[83,74,79,41],"class_list":["post-2248","post","type-post","status-publish","format-standard","has-post-thumbnail","hentry","category-noticies-blog-es","tag-bonaimatge-es","tag-comunicacio-es","tag-empresa-es","tag-estrategia-es"],"yoast_head":"<!-- This site is optimized with the Yoast SEO plugin v25.8 - https:\/\/yoast.com\/wordpress\/plugins\/seo\/ -->\n<title>Planifica tu comunicaci\u00f3n para obtener mejores resultados - Bonaimatge<\/title>\n<meta name=\"robots\" content=\"index, follow, max-snippet:-1, max-image-preview:large, max-video-preview:-1\" \/>\n<link rel=\"canonical\" href=\"https:\/\/bonaimatge.com\/planifica-la-teva-comunicacio-per-obtenir-millors-resultats\/\" \/>\n<meta property=\"og:locale\" content=\"es_ES\" \/>\n<meta property=\"og:type\" content=\"article\" \/>\n<meta property=\"og:title\" content=\"Planifica tu comunicaci\u00f3n para obtener mejores resultados - Bonaimatge\" \/>\n<meta property=\"og:description\" content=\"El inicio del curso en septiembre es un buen momento para planificar las acciones de comunicaci\u00f3n imprescindibles de tu empresa hasta el cierre del a\u00f1o. Como hemos comentado en art\u00edculos anteriores, la comunicaci\u00f3n es un [&hellip;]\" \/>\n<meta property=\"og:url\" content=\"https:\/\/bonaimatge.com\/planifica-la-teva-comunicacio-per-obtenir-millors-resultats\/\" \/>\n<meta property=\"og:site_name\" content=\"Bonaimatge\" \/>\n<meta property=\"article:published_time\" content=\"2023-09-06T12:51:51+00:00\" \/>\n<meta property=\"article:modified_time\" content=\"2023-09-06T12:56:58+00:00\" \/>\n<meta property=\"og:image\" content=\"https:\/\/bonaimatge.com\/wp-content\/uploads\/2023\/09\/pexels-artem-podrez-6823398-1-scaled-e1694005010731.jpg\" \/>\n\t<meta property=\"og:image:width\" content=\"800\" \/>\n\t<meta property=\"og:image:height\" content=\"1128\" \/>\n\t<meta property=\"og:image:type\" content=\"image\/jpeg\" \/>\n<meta name=\"author\" content=\"M\u00f2nica Carrasco\" \/>\n<meta name=\"twitter:card\" content=\"summary_large_image\" \/>\n<meta name=\"twitter:label1\" content=\"Escrito por\" \/>\n\t<meta name=\"twitter:data1\" content=\"M\u00f2nica Carrasco\" \/>\n\t<meta name=\"twitter:label2\" content=\"Tiempo de lectura\" \/>\n\t<meta name=\"twitter:data2\" content=\"1 minuto\" \/>\n<script type=\"application\/ld+json\" class=\"yoast-schema-graph\">{\"@context\":\"https:\/\/schema.org\",\"@graph\":[{\"@type\":\"WebPage\",\"@id\":\"https:\/\/bonaimatge.com\/planifica-la-teva-comunicacio-per-obtenir-millors-resultats\/\",\"url\":\"https:\/\/bonaimatge.com\/planifica-la-teva-comunicacio-per-obtenir-millors-resultats\/\",\"name\":\"Planifica tu comunicaci\u00f3n para obtener mejores resultados - Bonaimatge\",\"isPartOf\":{\"@id\":\"https:\/\/bonaimatge.com\/#website\"},\"primaryImageOfPage\":{\"@id\":\"https:\/\/bonaimatge.com\/planifica-la-teva-comunicacio-per-obtenir-millors-resultats\/#primaryimage\"},\"image\":{\"@id\":\"https:\/\/bonaimatge.com\/planifica-la-teva-comunicacio-per-obtenir-millors-resultats\/#primaryimage\"},\"thumbnailUrl\":\"https:\/\/bonaimatge.com\/wp-content\/uploads\/2023\/09\/pexels-artem-podrez-6823398-1-scaled-e1694005010731.jpg\",\"datePublished\":\"2023-09-06T12:51:51+00:00\",\"dateModified\":\"2023-09-06T12:56:58+00:00\",\"author\":{\"@id\":\"https:\/\/bonaimatge.com\/#\/schema\/person\/ff45c3416462786681260eea5ed5ee99\"},\"breadcrumb\":{\"@id\":\"https:\/\/bonaimatge.com\/planifica-la-teva-comunicacio-per-obtenir-millors-resultats\/#breadcrumb\"},\"inLanguage\":\"es\",\"potentialAction\":[{\"@type\":\"ReadAction\",\"target\":[\"https:\/\/bonaimatge.com\/planifica-la-teva-comunicacio-per-obtenir-millors-resultats\/\"]}]},{\"@type\":\"ImageObject\",\"inLanguage\":\"es\",\"@id\":\"https:\/\/bonaimatge.com\/planifica-la-teva-comunicacio-per-obtenir-millors-resultats\/#primaryimage\",\"url\":\"https:\/\/bonaimatge.com\/wp-content\/uploads\/2023\/09\/pexels-artem-podrez-6823398-1-scaled-e1694005010731.jpg\",\"contentUrl\":\"https:\/\/bonaimatge.com\/wp-content\/uploads\/2023\/09\/pexels-artem-podrez-6823398-1-scaled-e1694005010731.jpg\",\"width\":800,\"height\":1128},{\"@type\":\"BreadcrumbList\",\"@id\":\"https:\/\/bonaimatge.com\/planifica-la-teva-comunicacio-per-obtenir-millors-resultats\/#breadcrumb\",\"itemListElement\":[{\"@type\":\"ListItem\",\"position\":1,\"name\":\"Inici\",\"item\":\"https:\/\/bonaimatge.com\/es\/\"},{\"@type\":\"ListItem\",\"position\":2,\"name\":\"Planifica tu comunicaci\u00f3n para obtener mejores resultados\"}]},{\"@type\":\"WebSite\",\"@id\":\"https:\/\/bonaimatge.com\/#website\",\"url\":\"https:\/\/bonaimatge.com\/\",\"name\":\"Bonaimatge\",\"description\":\"Comunicaci\u00f3\",\"potentialAction\":[{\"@type\":\"SearchAction\",\"target\":{\"@type\":\"EntryPoint\",\"urlTemplate\":\"https:\/\/bonaimatge.com\/?s={search_term_string}\"},\"query-input\":{\"@type\":\"PropertyValueSpecification\",\"valueRequired\":true,\"valueName\":\"search_term_string\"}}],\"inLanguage\":\"es\"},{\"@type\":\"Person\",\"@id\":\"https:\/\/bonaimatge.com\/#\/schema\/person\/ff45c3416462786681260eea5ed5ee99\",\"name\":\"M\u00f2nica Carrasco\",\"image\":{\"@type\":\"ImageObject\",\"inLanguage\":\"es\",\"@id\":\"https:\/\/bonaimatge.com\/#\/schema\/person\/image\/\",\"url\":\"https:\/\/secure.gravatar.com\/avatar\/134d5c768f5d8ccf3d64439038057777d3b0833adbf1bb30e5c4336e200516f6?s=96&d=mm&r=g\",\"contentUrl\":\"https:\/\/secure.gravatar.com\/avatar\/134d5c768f5d8ccf3d64439038057777d3b0833adbf1bb30e5c4336e200516f6?s=96&d=mm&r=g\",\"caption\":\"M\u00f2nica Carrasco\"},\"url\":\"https:\/\/bonaimatge.com\/es\/author\/marina-troyano\/\"}]}<\/script>\n<!-- \/ Yoast SEO plugin. -->","yoast_head_json":{"title":"Planifica tu comunicaci\u00f3n para obtener mejores resultados - Bonaimatge","robots":{"index":"index","follow":"follow","max-snippet":"max-snippet:-1","max-image-preview":"max-image-preview:large","max-video-preview":"max-video-preview:-1"},"canonical":"https:\/\/bonaimatge.com\/planifica-la-teva-comunicacio-per-obtenir-millors-resultats\/","og_locale":"es_ES","og_type":"article","og_title":"Planifica tu comunicaci\u00f3n para obtener mejores resultados - Bonaimatge","og_description":"El inicio del curso en septiembre es un buen momento para planificar las acciones de comunicaci\u00f3n imprescindibles de tu empresa hasta el cierre del a\u00f1o. Como hemos comentado en art\u00edculos anteriores, la comunicaci\u00f3n es un [&hellip;]","og_url":"https:\/\/bonaimatge.com\/planifica-la-teva-comunicacio-per-obtenir-millors-resultats\/","og_site_name":"Bonaimatge","article_published_time":"2023-09-06T12:51:51+00:00","article_modified_time":"2023-09-06T12:56:58+00:00","og_image":[{"width":800,"height":1128,"url":"https:\/\/bonaimatge.com\/wp-content\/uploads\/2023\/09\/pexels-artem-podrez-6823398-1-scaled-e1694005010731.jpg","type":"image\/jpeg"}],"author":"M\u00f2nica Carrasco","twitter_card":"summary_large_image","twitter_misc":{"Escrito por":"M\u00f2nica Carrasco","Tiempo de lectura":"1 minuto"},"schema":{"@context":"https:\/\/schema.org","@graph":[{"@type":"WebPage","@id":"https:\/\/bonaimatge.com\/planifica-la-teva-comunicacio-per-obtenir-millors-resultats\/","url":"https:\/\/bonaimatge.com\/planifica-la-teva-comunicacio-per-obtenir-millors-resultats\/","name":"Planifica tu comunicaci\u00f3n para obtener mejores resultados - Bonaimatge","isPartOf":{"@id":"https:\/\/bonaimatge.com\/#website"},"primaryImageOfPage":{"@id":"https:\/\/bonaimatge.com\/planifica-la-teva-comunicacio-per-obtenir-millors-resultats\/#primaryimage"},"image":{"@id":"https:\/\/bonaimatge.com\/planifica-la-teva-comunicacio-per-obtenir-millors-resultats\/#primaryimage"},"thumbnailUrl":"https:\/\/bonaimatge.com\/wp-content\/uploads\/2023\/09\/pexels-artem-podrez-6823398-1-scaled-e1694005010731.jpg","datePublished":"2023-09-06T12:51:51+00:00","dateModified":"2023-09-06T12:56:58+00:00","author":{"@id":"https:\/\/bonaimatge.com\/#\/schema\/person\/ff45c3416462786681260eea5ed5ee99"},"breadcrumb":{"@id":"https:\/\/bonaimatge.com\/planifica-la-teva-comunicacio-per-obtenir-millors-resultats\/#breadcrumb"},"inLanguage":"es","potentialAction":[{"@type":"ReadAction","target":["https:\/\/bonaimatge.com\/planifica-la-teva-comunicacio-per-obtenir-millors-resultats\/"]}]},{"@type":"ImageObject","inLanguage":"es","@id":"https:\/\/bonaimatge.com\/planifica-la-teva-comunicacio-per-obtenir-millors-resultats\/#primaryimage","url":"https:\/\/bonaimatge.com\/wp-content\/uploads\/2023\/09\/pexels-artem-podrez-6823398-1-scaled-e1694005010731.jpg","contentUrl":"https:\/\/bonaimatge.com\/wp-content\/uploads\/2023\/09\/pexels-artem-podrez-6823398-1-scaled-e1694005010731.jpg","width":800,"height":1128},{"@type":"BreadcrumbList","@id":"https:\/\/bonaimatge.com\/planifica-la-teva-comunicacio-per-obtenir-millors-resultats\/#breadcrumb","itemListElement":[{"@type":"ListItem","position":1,"name":"Inici","item":"https:\/\/bonaimatge.com\/es\/"},{"@type":"ListItem","position":2,"name":"Planifica tu comunicaci\u00f3n para obtener mejores resultados"}]},{"@type":"WebSite","@id":"https:\/\/bonaimatge.com\/#website","url":"https:\/\/bonaimatge.com\/","name":"Bonaimatge","description":"Comunicaci\u00f3","potentialAction":[{"@type":"SearchAction","target":{"@type":"EntryPoint","urlTemplate":"https:\/\/bonaimatge.com\/?s={search_term_string}"},"query-input":{"@type":"PropertyValueSpecification","valueRequired":true,"valueName":"search_term_string"}}],"inLanguage":"es"},{"@type":"Person","@id":"https:\/\/bonaimatge.com\/#\/schema\/person\/ff45c3416462786681260eea5ed5ee99","name":"M\u00f2nica Carrasco","image":{"@type":"ImageObject","inLanguage":"es","@id":"https:\/\/bonaimatge.com\/#\/schema\/person\/image\/","url":"https:\/\/secure.gravatar.com\/avatar\/134d5c768f5d8ccf3d64439038057777d3b0833adbf1bb30e5c4336e200516f6?s=96&d=mm&r=g","contentUrl":"https:\/\/secure.gravatar.com\/avatar\/134d5c768f5d8ccf3d64439038057777d3b0833adbf1bb30e5c4336e200516f6?s=96&d=mm&r=g","caption":"M\u00f2nica Carrasco"},"url":"https:\/\/bonaimatge.com\/es\/author\/marina-troyano\/"}]}},"_links":{"self":[{"href":"https:\/\/bonaimatge.com\/es\/wp-json\/wp\/v2\/posts\/2248","targetHints":{"allow":["GET"]}}],"collection":[{"href":"https:\/\/bonaimatge.com\/es\/wp-json\/wp\/v2\/posts"}],"about":[{"href":"https:\/\/bonaimatge.com\/es\/wp-json\/wp\/v2\/types\/post"}],"author":[{"embeddable":true,"href":"https:\/\/bonaimatge.com\/es\/wp-json\/wp\/v2\/users\/4"}],"replies":[{"embeddable":true,"href":"https:\/\/bonaimatge.com\/es\/wp-json\/wp\/v2\/comments?post=2248"}],"version-history":[{"count":2,"href":"https:\/\/bonaimatge.com\/es\/wp-json\/wp\/v2\/posts\/2248\/revisions"}],"predecessor-version":[{"id":2253,"href":"https:\/\/bonaimatge.com\/es\/wp-json\/wp\/v2\/posts\/2248\/revisions\/2253"}],"wp:featuredmedia":[{"embeddable":true,"href":"https:\/\/bonaimatge.com\/es\/wp-json\/wp\/v2\/media\/2252"}],"wp:attachment":[{"href":"https:\/\/bonaimatge.com\/es\/wp-json\/wp\/v2\/media?parent=2248"}],"wp:term":[{"taxonomy":"category","embeddable":true,"href":"https:\/\/bonaimatge.com\/es\/wp-json\/wp\/v2\/categories?post=2248"},{"taxonomy":"post_tag","embeddable":true,"href":"https:\/\/bonaimatge.com\/es\/wp-json\/wp\/v2\/tags?post=2248"}],"curies":[{"name":"wp","href":"https:\/\/api.w.org\/{rel}","templated":true}]}}