{"id":2330,"date":"2025-01-15T18:42:30","date_gmt":"2025-01-15T17:42:30","guid":{"rendered":"https:\/\/bonaimatge.com\/?p=2330"},"modified":"2025-01-15T18:42:30","modified_gmt":"2025-01-15T17:42:30","slug":"co-branding-la-tendencia-que-suma-en-tu-estrategia-de-comunicacion","status":"publish","type":"post","link":"https:\/\/bonaimatge.com\/es\/co-branding-la-tendencia-que-suma-en-tu-estrategia-de-comunicacion\/","title":{"rendered":"Co-branding, la tendencia que suma en tu estrategia de comunicaci\u00f3n"},"content":{"rendered":"<p>A d\u00eda de hoy el co-branding se ha convertido en una t\u00e9cnica muy potente en el mundo de la comunicaci\u00f3n empresarial. Hablamos de una estrategia de colaboraci\u00f3n entre dos o m\u00e1s marcas que permite unir recursos, audiencias y valores para crear campa\u00f1as m\u00e1s impactantes.<\/p>\n<p>Una de las ventajas m\u00e1s evidentes del co-branding es la capacidad de llegar a nuevas audiencias. Cuando dos marcas con bases de clientes diferentes trabajan juntas, pueden expandir su alcance y captar la atenci\u00f3n de consumidores que quiz\u00e1s no habr\u00edan considerado su oferta. Adem\u00e1s, el co-branding tambi\u00e9n puede reforzar su credibilidad. Cuando una marca se asocia con otra que ya tiene una s\u00f3lida reputaci\u00f3n en el mercado, puede aprovechar esta percepci\u00f3n positiva para aumentar la confianza de los consumidores. Esto es especialmente beneficioso para marcas nuevas o con menor presencia en el mercado. Existen varios tipos de co-branding que se pueden utilizar seg\u00fan los objetivos de la campa\u00f1a:<\/p>\n<ul>\n<li><strong>Co-branding complementario:<\/strong> las marcas ofrecen productos o servicios que se complementan entre s\u00ed.<\/li>\n<li><strong>Co-branding de innovaci\u00f3n conjunta: <\/strong>las marcas trabajan juntas para desarrollar un producto totalmente novedoso.<\/li>\n<\/ul>\n<p>Aparte del beneficio, el co-branding tambi\u00e9n comporta riesgos. Una colaboraci\u00f3n mal ejecutada puede da\u00f1ar la reputaci\u00f3n de las marcas implicadas, especialmente si existe una falta de alineaci\u00f3n en los valores o si la campa\u00f1a no resuena con la audiencia. Por este motivo, es crucial realizar un an\u00e1lisis previo y asegurarse de que las marcas comparten objetivos y valores similares. Tambi\u00e9n es necesario tener en cuenta la gesti\u00f3n de las responsabilidades. Ambas marcas deben definir claramente sus funciones y establecer mecanismos para medir el \u00e9xito de la campa\u00f1a. Una buena comunicaci\u00f3n entre los equipos resulta fundamental para garantizar el \u00e9xito de la colaboraci\u00f3n.<\/p>\n<p><img decoding=\"async\" class=\"aligncenter size-full wp-image-2327\" src=\"https:\/\/bonaimatge.com\/wp-content\/uploads\/2025\/01\/Diseno-sin-titulo.png\" alt=\"\" width=\"1080\" height=\"1080\" srcset=\"https:\/\/bonaimatge.com\/wp-content\/uploads\/2025\/01\/Diseno-sin-titulo-66x66.png 66w, https:\/\/bonaimatge.com\/wp-content\/uploads\/2025\/01\/Diseno-sin-titulo-150x150.png 150w, https:\/\/bonaimatge.com\/wp-content\/uploads\/2025\/01\/Diseno-sin-titulo-200x200.png 200w, https:\/\/bonaimatge.com\/wp-content\/uploads\/2025\/01\/Diseno-sin-titulo-300x300.png 300w, https:\/\/bonaimatge.com\/wp-content\/uploads\/2025\/01\/Diseno-sin-titulo-400x400.png 400w, https:\/\/bonaimatge.com\/wp-content\/uploads\/2025\/01\/Diseno-sin-titulo-600x600.png 600w, https:\/\/bonaimatge.com\/wp-content\/uploads\/2025\/01\/Diseno-sin-titulo-768x768.png 768w, https:\/\/bonaimatge.com\/wp-content\/uploads\/2025\/01\/Diseno-sin-titulo-800x800.png 800w, https:\/\/bonaimatge.com\/wp-content\/uploads\/2025\/01\/Diseno-sin-titulo-1024x1024.png 1024w, https:\/\/bonaimatge.com\/wp-content\/uploads\/2025\/01\/Diseno-sin-titulo.png 1080w\" sizes=\"(max-width: 1080px) 100vw, 1080px\" \/><\/p>\n<p>En definitiva, el co-branding es una potente herramienta que, cuando se utiliza de manera estrat\u00e9gica y correcta, puede aportar grandes beneficios a las marcas implicadas. No s\u00f3lo permite llegar a nuevas audiencias, sino que tambi\u00e9n mejora la percepci\u00f3n de marca y fomenta la innovaci\u00f3n.<\/p>\n<p>\u00bfTienes una historia? \u00bfQuieres que te ayudemos a contarla? En <a href=\"http:\/\/www.bonaimatge.com\">Bonaimatge<\/a> ponemos a tu disposici\u00f3n un equipo de profesionales en diversos \u00e1mbitos que dar\u00e1n forma a tu plan de comunicaci\u00f3n a medida y te acompa\u00f1ar\u00e1n para ponerlo en pr\u00e1ctica. Tambi\u00e9n podemos ayudarte a realizar acciones concretas de comunicaci\u00f3n. Puedes contactar con nosotros a trav\u00e9s de la web: <a href=\"http:\/\/www.bonaimatge.com\">www.bonaimatge.com<\/a><\/p>\n","protected":false},"excerpt":{"rendered":"<p>A d\u00eda de hoy el co-branding se ha convertido en una t\u00e9cnica muy potente en el mundo de la comunicaci\u00f3n empresarial. Hablamos de una estrategia de colaboraci\u00f3n entre dos o m\u00e1s marcas que permite unir [&hellip;]<\/p>\n","protected":false},"author":4,"featured_media":2327,"comment_status":"open","ping_status":"closed","sticky":false,"template":"","format":"standard","meta":{"footnotes":""},"categories":[33],"tags":[83,74,79,100],"class_list":["post-2330","post","type-post","status-publish","format-standard","has-post-thumbnail","hentry","category-noticies-blog-es","tag-bonaimatge-es","tag-comunicacio-es","tag-empresa-es","tag-marketing-es"],"yoast_head":"<!-- This site is optimized with the Yoast SEO plugin v25.8 - https:\/\/yoast.com\/wordpress\/plugins\/seo\/ -->\n<title>Co-branding, la tendencia que suma en tu estrategia de comunicaci\u00f3n - Bonaimatge<\/title>\n<meta name=\"robots\" content=\"index, follow, max-snippet:-1, max-image-preview:large, max-video-preview:-1\" \/>\n<link rel=\"canonical\" href=\"https:\/\/bonaimatge.com\/co-branding-la-tendencia-que-suma-en-la-teva-estrategia-de-comunicacio\/\" \/>\n<meta property=\"og:locale\" content=\"es_ES\" \/>\n<meta property=\"og:type\" content=\"article\" \/>\n<meta property=\"og:title\" content=\"Co-branding, la tendencia que suma en tu estrategia de comunicaci\u00f3n - Bonaimatge\" \/>\n<meta property=\"og:description\" content=\"A d\u00eda de hoy el co-branding se ha convertido en una t\u00e9cnica muy potente en el mundo de la comunicaci\u00f3n empresarial. Hablamos de una estrategia de colaboraci\u00f3n entre dos o m\u00e1s marcas que permite unir [&hellip;]\" \/>\n<meta property=\"og:url\" content=\"https:\/\/bonaimatge.com\/co-branding-la-tendencia-que-suma-en-la-teva-estrategia-de-comunicacio\/\" \/>\n<meta property=\"og:site_name\" content=\"Bonaimatge\" \/>\n<meta property=\"article:published_time\" content=\"2025-01-15T17:42:30+00:00\" \/>\n<meta property=\"og:image\" content=\"https:\/\/bonaimatge.com\/wp-content\/uploads\/2025\/01\/Diseno-sin-titulo.png\" \/>\n\t<meta property=\"og:image:width\" content=\"1080\" \/>\n\t<meta property=\"og:image:height\" content=\"1080\" \/>\n\t<meta property=\"og:image:type\" content=\"image\/png\" \/>\n<meta name=\"author\" content=\"M\u00f2nica Carrasco\" \/>\n<meta name=\"twitter:card\" content=\"summary_large_image\" \/>\n<meta name=\"twitter:label1\" content=\"Escrito por\" \/>\n\t<meta name=\"twitter:data1\" content=\"M\u00f2nica Carrasco\" \/>\n\t<meta name=\"twitter:label2\" content=\"Tiempo de lectura\" \/>\n\t<meta name=\"twitter:data2\" content=\"2 minutos\" \/>\n<script type=\"application\/ld+json\" class=\"yoast-schema-graph\">{\"@context\":\"https:\/\/schema.org\",\"@graph\":[{\"@type\":\"WebPage\",\"@id\":\"https:\/\/bonaimatge.com\/co-branding-la-tendencia-que-suma-en-la-teva-estrategia-de-comunicacio\/\",\"url\":\"https:\/\/bonaimatge.com\/co-branding-la-tendencia-que-suma-en-la-teva-estrategia-de-comunicacio\/\",\"name\":\"Co-branding, la tendencia que suma en tu estrategia de comunicaci\u00f3n - Bonaimatge\",\"isPartOf\":{\"@id\":\"https:\/\/bonaimatge.com\/#website\"},\"primaryImageOfPage\":{\"@id\":\"https:\/\/bonaimatge.com\/co-branding-la-tendencia-que-suma-en-la-teva-estrategia-de-comunicacio\/#primaryimage\"},\"image\":{\"@id\":\"https:\/\/bonaimatge.com\/co-branding-la-tendencia-que-suma-en-la-teva-estrategia-de-comunicacio\/#primaryimage\"},\"thumbnailUrl\":\"https:\/\/bonaimatge.com\/wp-content\/uploads\/2025\/01\/Diseno-sin-titulo.png\",\"datePublished\":\"2025-01-15T17:42:30+00:00\",\"author\":{\"@id\":\"https:\/\/bonaimatge.com\/#\/schema\/person\/ff45c3416462786681260eea5ed5ee99\"},\"breadcrumb\":{\"@id\":\"https:\/\/bonaimatge.com\/co-branding-la-tendencia-que-suma-en-la-teva-estrategia-de-comunicacio\/#breadcrumb\"},\"inLanguage\":\"es\",\"potentialAction\":[{\"@type\":\"ReadAction\",\"target\":[\"https:\/\/bonaimatge.com\/co-branding-la-tendencia-que-suma-en-la-teva-estrategia-de-comunicacio\/\"]}]},{\"@type\":\"ImageObject\",\"inLanguage\":\"es\",\"@id\":\"https:\/\/bonaimatge.com\/co-branding-la-tendencia-que-suma-en-la-teva-estrategia-de-comunicacio\/#primaryimage\",\"url\":\"https:\/\/bonaimatge.com\/wp-content\/uploads\/2025\/01\/Diseno-sin-titulo.png\",\"contentUrl\":\"https:\/\/bonaimatge.com\/wp-content\/uploads\/2025\/01\/Diseno-sin-titulo.png\",\"width\":1080,\"height\":1080},{\"@type\":\"BreadcrumbList\",\"@id\":\"https:\/\/bonaimatge.com\/co-branding-la-tendencia-que-suma-en-la-teva-estrategia-de-comunicacio\/#breadcrumb\",\"itemListElement\":[{\"@type\":\"ListItem\",\"position\":1,\"name\":\"Inici\",\"item\":\"https:\/\/bonaimatge.com\/es\/\"},{\"@type\":\"ListItem\",\"position\":2,\"name\":\"Co-branding, la tendencia que suma en tu estrategia de comunicaci\u00f3n\"}]},{\"@type\":\"WebSite\",\"@id\":\"https:\/\/bonaimatge.com\/#website\",\"url\":\"https:\/\/bonaimatge.com\/\",\"name\":\"Bonaimatge\",\"description\":\"Comunicaci\u00f3\",\"potentialAction\":[{\"@type\":\"SearchAction\",\"target\":{\"@type\":\"EntryPoint\",\"urlTemplate\":\"https:\/\/bonaimatge.com\/?s={search_term_string}\"},\"query-input\":{\"@type\":\"PropertyValueSpecification\",\"valueRequired\":true,\"valueName\":\"search_term_string\"}}],\"inLanguage\":\"es\"},{\"@type\":\"Person\",\"@id\":\"https:\/\/bonaimatge.com\/#\/schema\/person\/ff45c3416462786681260eea5ed5ee99\",\"name\":\"M\u00f2nica Carrasco\",\"image\":{\"@type\":\"ImageObject\",\"inLanguage\":\"es\",\"@id\":\"https:\/\/bonaimatge.com\/#\/schema\/person\/image\/\",\"url\":\"https:\/\/secure.gravatar.com\/avatar\/134d5c768f5d8ccf3d64439038057777d3b0833adbf1bb30e5c4336e200516f6?s=96&d=mm&r=g\",\"contentUrl\":\"https:\/\/secure.gravatar.com\/avatar\/134d5c768f5d8ccf3d64439038057777d3b0833adbf1bb30e5c4336e200516f6?s=96&d=mm&r=g\",\"caption\":\"M\u00f2nica Carrasco\"},\"url\":\"https:\/\/bonaimatge.com\/es\/author\/marina-troyano\/\"}]}<\/script>\n<!-- \/ Yoast SEO plugin. -->","yoast_head_json":{"title":"Co-branding, la tendencia que suma en tu estrategia de comunicaci\u00f3n - Bonaimatge","robots":{"index":"index","follow":"follow","max-snippet":"max-snippet:-1","max-image-preview":"max-image-preview:large","max-video-preview":"max-video-preview:-1"},"canonical":"https:\/\/bonaimatge.com\/co-branding-la-tendencia-que-suma-en-la-teva-estrategia-de-comunicacio\/","og_locale":"es_ES","og_type":"article","og_title":"Co-branding, la tendencia que suma en tu estrategia de comunicaci\u00f3n - Bonaimatge","og_description":"A d\u00eda de hoy el co-branding se ha convertido en una t\u00e9cnica muy potente en el mundo de la comunicaci\u00f3n empresarial. Hablamos de una estrategia de colaboraci\u00f3n entre dos o m\u00e1s marcas que permite unir [&hellip;]","og_url":"https:\/\/bonaimatge.com\/co-branding-la-tendencia-que-suma-en-la-teva-estrategia-de-comunicacio\/","og_site_name":"Bonaimatge","article_published_time":"2025-01-15T17:42:30+00:00","og_image":[{"width":1080,"height":1080,"url":"https:\/\/bonaimatge.com\/wp-content\/uploads\/2025\/01\/Diseno-sin-titulo.png","type":"image\/png"}],"author":"M\u00f2nica Carrasco","twitter_card":"summary_large_image","twitter_misc":{"Escrito por":"M\u00f2nica Carrasco","Tiempo de lectura":"2 minutos"},"schema":{"@context":"https:\/\/schema.org","@graph":[{"@type":"WebPage","@id":"https:\/\/bonaimatge.com\/co-branding-la-tendencia-que-suma-en-la-teva-estrategia-de-comunicacio\/","url":"https:\/\/bonaimatge.com\/co-branding-la-tendencia-que-suma-en-la-teva-estrategia-de-comunicacio\/","name":"Co-branding, la tendencia que suma en tu estrategia de comunicaci\u00f3n - Bonaimatge","isPartOf":{"@id":"https:\/\/bonaimatge.com\/#website"},"primaryImageOfPage":{"@id":"https:\/\/bonaimatge.com\/co-branding-la-tendencia-que-suma-en-la-teva-estrategia-de-comunicacio\/#primaryimage"},"image":{"@id":"https:\/\/bonaimatge.com\/co-branding-la-tendencia-que-suma-en-la-teva-estrategia-de-comunicacio\/#primaryimage"},"thumbnailUrl":"https:\/\/bonaimatge.com\/wp-content\/uploads\/2025\/01\/Diseno-sin-titulo.png","datePublished":"2025-01-15T17:42:30+00:00","author":{"@id":"https:\/\/bonaimatge.com\/#\/schema\/person\/ff45c3416462786681260eea5ed5ee99"},"breadcrumb":{"@id":"https:\/\/bonaimatge.com\/co-branding-la-tendencia-que-suma-en-la-teva-estrategia-de-comunicacio\/#breadcrumb"},"inLanguage":"es","potentialAction":[{"@type":"ReadAction","target":["https:\/\/bonaimatge.com\/co-branding-la-tendencia-que-suma-en-la-teva-estrategia-de-comunicacio\/"]}]},{"@type":"ImageObject","inLanguage":"es","@id":"https:\/\/bonaimatge.com\/co-branding-la-tendencia-que-suma-en-la-teva-estrategia-de-comunicacio\/#primaryimage","url":"https:\/\/bonaimatge.com\/wp-content\/uploads\/2025\/01\/Diseno-sin-titulo.png","contentUrl":"https:\/\/bonaimatge.com\/wp-content\/uploads\/2025\/01\/Diseno-sin-titulo.png","width":1080,"height":1080},{"@type":"BreadcrumbList","@id":"https:\/\/bonaimatge.com\/co-branding-la-tendencia-que-suma-en-la-teva-estrategia-de-comunicacio\/#breadcrumb","itemListElement":[{"@type":"ListItem","position":1,"name":"Inici","item":"https:\/\/bonaimatge.com\/es\/"},{"@type":"ListItem","position":2,"name":"Co-branding, la tendencia que suma en tu estrategia de comunicaci\u00f3n"}]},{"@type":"WebSite","@id":"https:\/\/bonaimatge.com\/#website","url":"https:\/\/bonaimatge.com\/","name":"Bonaimatge","description":"Comunicaci\u00f3","potentialAction":[{"@type":"SearchAction","target":{"@type":"EntryPoint","urlTemplate":"https:\/\/bonaimatge.com\/?s={search_term_string}"},"query-input":{"@type":"PropertyValueSpecification","valueRequired":true,"valueName":"search_term_string"}}],"inLanguage":"es"},{"@type":"Person","@id":"https:\/\/bonaimatge.com\/#\/schema\/person\/ff45c3416462786681260eea5ed5ee99","name":"M\u00f2nica Carrasco","image":{"@type":"ImageObject","inLanguage":"es","@id":"https:\/\/bonaimatge.com\/#\/schema\/person\/image\/","url":"https:\/\/secure.gravatar.com\/avatar\/134d5c768f5d8ccf3d64439038057777d3b0833adbf1bb30e5c4336e200516f6?s=96&d=mm&r=g","contentUrl":"https:\/\/secure.gravatar.com\/avatar\/134d5c768f5d8ccf3d64439038057777d3b0833adbf1bb30e5c4336e200516f6?s=96&d=mm&r=g","caption":"M\u00f2nica Carrasco"},"url":"https:\/\/bonaimatge.com\/es\/author\/marina-troyano\/"}]}},"_links":{"self":[{"href":"https:\/\/bonaimatge.com\/es\/wp-json\/wp\/v2\/posts\/2330","targetHints":{"allow":["GET"]}}],"collection":[{"href":"https:\/\/bonaimatge.com\/es\/wp-json\/wp\/v2\/posts"}],"about":[{"href":"https:\/\/bonaimatge.com\/es\/wp-json\/wp\/v2\/types\/post"}],"author":[{"embeddable":true,"href":"https:\/\/bonaimatge.com\/es\/wp-json\/wp\/v2\/users\/4"}],"replies":[{"embeddable":true,"href":"https:\/\/bonaimatge.com\/es\/wp-json\/wp\/v2\/comments?post=2330"}],"version-history":[{"count":1,"href":"https:\/\/bonaimatge.com\/es\/wp-json\/wp\/v2\/posts\/2330\/revisions"}],"predecessor-version":[{"id":2331,"href":"https:\/\/bonaimatge.com\/es\/wp-json\/wp\/v2\/posts\/2330\/revisions\/2331"}],"wp:featuredmedia":[{"embeddable":true,"href":"https:\/\/bonaimatge.com\/es\/wp-json\/wp\/v2\/media\/2327"}],"wp:attachment":[{"href":"https:\/\/bonaimatge.com\/es\/wp-json\/wp\/v2\/media?parent=2330"}],"wp:term":[{"taxonomy":"category","embeddable":true,"href":"https:\/\/bonaimatge.com\/es\/wp-json\/wp\/v2\/categories?post=2330"},{"taxonomy":"post_tag","embeddable":true,"href":"https:\/\/bonaimatge.com\/es\/wp-json\/wp\/v2\/tags?post=2330"}],"curies":[{"name":"wp","href":"https:\/\/api.w.org\/{rel}","templated":true}]}}