{"id":2371,"date":"2025-12-17T08:16:13","date_gmt":"2025-12-17T07:16:13","guid":{"rendered":"https:\/\/bonaimatge.com\/desembre-pot-ser-una-oportunitat-per-reforcar-la-teva-comunicacio-corporativa\/"},"modified":"2025-12-17T08:18:49","modified_gmt":"2025-12-17T07:18:49","slug":"desembre-pot-ser-una-oportunitat-per-reforcar-la-teva-comunicacio-corporativa","status":"publish","type":"post","link":"https:\/\/bonaimatge.com\/es\/desembre-pot-ser-una-oportunitat-per-reforcar-la-teva-comunicacio-corporativa\/","title":{"rendered":"Diciembre puede ser una oportunidad para reforzar tu comunicaci\u00f3n corporativa"},"content":{"rendered":"<p data-start=\"190\" data-end=\"554\">El mes de diciembre suele asociarse con balance, cierre y celebraci\u00f3n. Sin embargo, desde el punto de vista de la comunicaci\u00f3n corporativa, tambi\u00e9n es una oportunidad estrat\u00e9gica que muchas empresas desaprovechan. En un contexto emocionalmente receptivo, las marcas pueden reforzar v\u00ednculos, posicionarse con coherencia y preparar el terreno para el a\u00f1o siguiente.<\/p>\n<p data-start=\"556\" data-end=\"710\">Compartimos tres acciones concretas que cualquier empresa puede implementar este diciembre para hacer que su comunicaci\u00f3n sea m\u00e1s relevante y efectiva.<\/p>\n<p data-start=\"712\" data-end=\"1125\"><strong data-start=\"712\" data-end=\"780\">Convertir la felicitaci\u00f3n de Navidad en una herramienta de marca<\/strong><br data-start=\"780\" data-end=\"783\" \/>La felicitaci\u00f3n no deber\u00eda ser solo un gesto protocolario. Es una pieza clave para transmitir valores, prop\u00f3sito y tono de marca. Un buen mensaje navide\u00f1o puede reforzar la cultura corporativa, agradecer la confianza de clientes y colaboradores y, al mismo tiempo, diferenciarse con autenticidad. Menos f\u00f3rmulas gen\u00e9ricas y m\u00e1s relato propio.<\/p>\n<p data-start=\"1127\" data-end=\"1478\"><strong data-start=\"1127\" data-end=\"1175\">Compartir balance con una mirada estrat\u00e9gica<\/strong><br data-start=\"1175\" data-end=\"1178\" \/>Diciembre es el momento ideal para explicar qu\u00e9 ha significado el a\u00f1o para la empresa: aprendizajes, hitos alcanzados y retos superados. No es necesario un informe extenso, sino un relato claro y honesto que refuerce la credibilidad y la transparencia de la marca, tanto a nivel interno como externo.<\/p>\n<p data-start=\"1480\" data-end=\"1770\"><strong data-start=\"1480\" data-end=\"1521\">Avanzar intenciones para el nuevo a\u00f1o<\/strong><br data-start=\"1521\" data-end=\"1524\" \/>Sin revelarlo todo, comunicar hacia d\u00f3nde se dirige la empresa genera confianza y expectativas positivas. Mostrar visi\u00f3n, compromisos o l\u00edneas estrat\u00e9gicas para el nuevo a\u00f1o ayuda a posicionar la marca como coherente, planificada y con prop\u00f3sito.<\/p>\n<p>&nbsp;<\/p>\n<p><img decoding=\"async\" class=\"aligncenter size-full wp-image-2368\" src=\"https:\/\/bonaimatge.com\/wp-content\/uploads\/2025\/12\/Diseno-sin-titulo1.png\" alt=\"\" width=\"1080\" height=\"1350\" srcset=\"https:\/\/bonaimatge.com\/wp-content\/uploads\/2025\/12\/Diseno-sin-titulo1-200x250.png 200w, https:\/\/bonaimatge.com\/wp-content\/uploads\/2025\/12\/Diseno-sin-titulo1-240x300.png 240w, https:\/\/bonaimatge.com\/wp-content\/uploads\/2025\/12\/Diseno-sin-titulo1-400x500.png 400w, https:\/\/bonaimatge.com\/wp-content\/uploads\/2025\/12\/Diseno-sin-titulo1-600x750.png 600w, https:\/\/bonaimatge.com\/wp-content\/uploads\/2025\/12\/Diseno-sin-titulo1-768x960.png 768w, https:\/\/bonaimatge.com\/wp-content\/uploads\/2025\/12\/Diseno-sin-titulo1-800x1000.png 800w, https:\/\/bonaimatge.com\/wp-content\/uploads\/2025\/12\/Diseno-sin-titulo1-819x1024.png 819w, https:\/\/bonaimatge.com\/wp-content\/uploads\/2025\/12\/Diseno-sin-titulo1.png 1080w\" sizes=\"(max-width: 1080px) 100vw, 1080px\" \/><\/p>\n<p>En definitiva, diciembre no es \u00fanicamente un cierre, puede ser tambi\u00e9n un puente comunicativo hacia el futuro. Aprovecharlo con estrategia puede marcar la diferencia.<\/p>\n<p>\u00bfTienes una historia? \u00bfQuieres que te ayudemos a contarla? En <a href=\"http:\/\/www.bonaimatge.com\">Bonaimatge<\/a> ponemos a tu disposici\u00f3n un equipo de profesionales en diversos \u00e1mbitos que dar\u00e1n forma a tu plan de comunicaci\u00f3n a medida y te acompa\u00f1ar\u00e1n para ponerlo en pr\u00e1ctica. Tambi\u00e9n podemos ayudarte a realizar acciones concretas de comunicaci\u00f3n. Puedes contactar con nosotros a trav\u00e9s de la web: <a href=\"http:\/\/www.bonaimatge.com\">www.bonaimatge.com<\/a><\/p>\n","protected":false},"excerpt":{"rendered":"<p>El mes de diciembre suele asociarse con balance, cierre y celebraci\u00f3n. Sin embargo, desde el punto de vista de la comunicaci\u00f3n corporativa, tambi\u00e9n es una oportunidad estrat\u00e9gica que muchas empresas desaprovechan. En un contexto emocionalmente [&hellip;]<\/p>\n","protected":false},"author":4,"featured_media":2369,"comment_status":"open","ping_status":"closed","sticky":false,"template":"","format":"standard","meta":{"footnotes":""},"categories":[33],"tags":[83,74,151,79],"class_list":["post-2371","post","type-post","status-publish","format-standard","has-post-thumbnail","hentry","category-noticies-blog-es","tag-bonaimatge-es","tag-comunicacio-es","tag-desembre","tag-empresa-es"],"yoast_head":"<!-- This site is optimized with the Yoast SEO plugin v25.8 - https:\/\/yoast.com\/wordpress\/plugins\/seo\/ -->\n<title>Diciembre puede ser una oportunidad para reforzar tu comunicaci\u00f3n corporativa - Bonaimatge<\/title>\n<meta name=\"robots\" content=\"index, follow, max-snippet:-1, max-image-preview:large, max-video-preview:-1\" \/>\n<link rel=\"canonical\" href=\"https:\/\/bonaimatge.com\/es\/desembre-pot-ser-una-oportunitat-per-reforcar-la-teva-comunicacio-corporativa\/\" \/>\n<meta property=\"og:locale\" content=\"es_ES\" \/>\n<meta property=\"og:type\" content=\"article\" \/>\n<meta property=\"og:title\" content=\"Diciembre puede ser una oportunidad para reforzar tu comunicaci\u00f3n corporativa - Bonaimatge\" \/>\n<meta property=\"og:description\" content=\"El mes de diciembre suele asociarse con balance, cierre y celebraci\u00f3n. Sin embargo, desde el punto de vista de la comunicaci\u00f3n corporativa, tambi\u00e9n es una oportunidad estrat\u00e9gica que muchas empresas desaprovechan. En un contexto emocionalmente [&hellip;]\" \/>\n<meta property=\"og:url\" content=\"https:\/\/bonaimatge.com\/es\/desembre-pot-ser-una-oportunitat-per-reforcar-la-teva-comunicacio-corporativa\/\" \/>\n<meta property=\"og:site_name\" content=\"Bonaimatge\" \/>\n<meta property=\"article:published_time\" content=\"2025-12-17T07:16:13+00:00\" \/>\n<meta property=\"article:modified_time\" content=\"2025-12-17T07:18:49+00:00\" \/>\n<meta property=\"og:image\" content=\"https:\/\/bonaimatge.com\/wp-content\/uploads\/2025\/12\/Diseno-sin-titulo1-819x1024.png\" \/>\n\t<meta property=\"og:image:width\" content=\"819\" \/>\n\t<meta property=\"og:image:height\" content=\"1024\" \/>\n\t<meta property=\"og:image:type\" content=\"image\/png\" \/>\n<meta name=\"author\" content=\"M\u00f2nica Carrasco\" \/>\n<meta name=\"twitter:card\" content=\"summary_large_image\" \/>\n<meta name=\"twitter:label1\" content=\"Escrito por\" \/>\n\t<meta name=\"twitter:data1\" content=\"M\u00f2nica Carrasco\" \/>\n\t<meta name=\"twitter:label2\" content=\"Tiempo de lectura\" \/>\n\t<meta name=\"twitter:data2\" content=\"3 minutos\" \/>\n<script type=\"application\/ld+json\" class=\"yoast-schema-graph\">{\"@context\":\"https:\/\/schema.org\",\"@graph\":[{\"@type\":\"WebPage\",\"@id\":\"https:\/\/bonaimatge.com\/es\/desembre-pot-ser-una-oportunitat-per-reforcar-la-teva-comunicacio-corporativa\/\",\"url\":\"https:\/\/bonaimatge.com\/es\/desembre-pot-ser-una-oportunitat-per-reforcar-la-teva-comunicacio-corporativa\/\",\"name\":\"Diciembre puede ser una oportunidad para reforzar tu comunicaci\u00f3n corporativa - Bonaimatge\",\"isPartOf\":{\"@id\":\"https:\/\/bonaimatge.com\/#website\"},\"primaryImageOfPage\":{\"@id\":\"https:\/\/bonaimatge.com\/es\/desembre-pot-ser-una-oportunitat-per-reforcar-la-teva-comunicacio-corporativa\/#primaryimage\"},\"image\":{\"@id\":\"https:\/\/bonaimatge.com\/es\/desembre-pot-ser-una-oportunitat-per-reforcar-la-teva-comunicacio-corporativa\/#primaryimage\"},\"thumbnailUrl\":\"https:\/\/bonaimatge.com\/wp-content\/uploads\/2025\/12\/Diseno-sin-titulo1.png\",\"datePublished\":\"2025-12-17T07:16:13+00:00\",\"dateModified\":\"2025-12-17T07:18:49+00:00\",\"author\":{\"@id\":\"https:\/\/bonaimatge.com\/#\/schema\/person\/ff45c3416462786681260eea5ed5ee99\"},\"breadcrumb\":{\"@id\":\"https:\/\/bonaimatge.com\/es\/desembre-pot-ser-una-oportunitat-per-reforcar-la-teva-comunicacio-corporativa\/#breadcrumb\"},\"inLanguage\":\"es\",\"potentialAction\":[{\"@type\":\"ReadAction\",\"target\":[\"https:\/\/bonaimatge.com\/es\/desembre-pot-ser-una-oportunitat-per-reforcar-la-teva-comunicacio-corporativa\/\"]}]},{\"@type\":\"ImageObject\",\"inLanguage\":\"es\",\"@id\":\"https:\/\/bonaimatge.com\/es\/desembre-pot-ser-una-oportunitat-per-reforcar-la-teva-comunicacio-corporativa\/#primaryimage\",\"url\":\"https:\/\/bonaimatge.com\/wp-content\/uploads\/2025\/12\/Diseno-sin-titulo1.png\",\"contentUrl\":\"https:\/\/bonaimatge.com\/wp-content\/uploads\/2025\/12\/Diseno-sin-titulo1.png\",\"width\":1080,\"height\":1350},{\"@type\":\"BreadcrumbList\",\"@id\":\"https:\/\/bonaimatge.com\/es\/desembre-pot-ser-una-oportunitat-per-reforcar-la-teva-comunicacio-corporativa\/#breadcrumb\",\"itemListElement\":[{\"@type\":\"ListItem\",\"position\":1,\"name\":\"Inici\",\"item\":\"https:\/\/bonaimatge.com\/es\/\"},{\"@type\":\"ListItem\",\"position\":2,\"name\":\"Diciembre puede ser una oportunidad para reforzar tu comunicaci\u00f3n corporativa\"}]},{\"@type\":\"WebSite\",\"@id\":\"https:\/\/bonaimatge.com\/#website\",\"url\":\"https:\/\/bonaimatge.com\/\",\"name\":\"Bonaimatge\",\"description\":\"Comunicaci\u00f3\",\"potentialAction\":[{\"@type\":\"SearchAction\",\"target\":{\"@type\":\"EntryPoint\",\"urlTemplate\":\"https:\/\/bonaimatge.com\/?s={search_term_string}\"},\"query-input\":{\"@type\":\"PropertyValueSpecification\",\"valueRequired\":true,\"valueName\":\"search_term_string\"}}],\"inLanguage\":\"es\"},{\"@type\":\"Person\",\"@id\":\"https:\/\/bonaimatge.com\/#\/schema\/person\/ff45c3416462786681260eea5ed5ee99\",\"name\":\"M\u00f2nica Carrasco\",\"image\":{\"@type\":\"ImageObject\",\"inLanguage\":\"es\",\"@id\":\"https:\/\/bonaimatge.com\/#\/schema\/person\/image\/\",\"url\":\"https:\/\/secure.gravatar.com\/avatar\/134d5c768f5d8ccf3d64439038057777d3b0833adbf1bb30e5c4336e200516f6?s=96&d=mm&r=g\",\"contentUrl\":\"https:\/\/secure.gravatar.com\/avatar\/134d5c768f5d8ccf3d64439038057777d3b0833adbf1bb30e5c4336e200516f6?s=96&d=mm&r=g\",\"caption\":\"M\u00f2nica Carrasco\"},\"url\":\"https:\/\/bonaimatge.com\/es\/author\/marina-troyano\/\"}]}<\/script>\n<!-- \/ Yoast SEO plugin. -->","yoast_head_json":{"title":"Diciembre puede ser una oportunidad para reforzar tu comunicaci\u00f3n corporativa - Bonaimatge","robots":{"index":"index","follow":"follow","max-snippet":"max-snippet:-1","max-image-preview":"max-image-preview:large","max-video-preview":"max-video-preview:-1"},"canonical":"https:\/\/bonaimatge.com\/es\/desembre-pot-ser-una-oportunitat-per-reforcar-la-teva-comunicacio-corporativa\/","og_locale":"es_ES","og_type":"article","og_title":"Diciembre puede ser una oportunidad para reforzar tu comunicaci\u00f3n corporativa - Bonaimatge","og_description":"El mes de diciembre suele asociarse con balance, cierre y celebraci\u00f3n. Sin embargo, desde el punto de vista de la comunicaci\u00f3n corporativa, tambi\u00e9n es una oportunidad estrat\u00e9gica que muchas empresas desaprovechan. En un contexto emocionalmente [&hellip;]","og_url":"https:\/\/bonaimatge.com\/es\/desembre-pot-ser-una-oportunitat-per-reforcar-la-teva-comunicacio-corporativa\/","og_site_name":"Bonaimatge","article_published_time":"2025-12-17T07:16:13+00:00","article_modified_time":"2025-12-17T07:18:49+00:00","og_image":[{"width":819,"height":1024,"url":"https:\/\/bonaimatge.com\/wp-content\/uploads\/2025\/12\/Diseno-sin-titulo1-819x1024.png","type":"image\/png"}],"author":"M\u00f2nica Carrasco","twitter_card":"summary_large_image","twitter_misc":{"Escrito por":"M\u00f2nica Carrasco","Tiempo de lectura":"3 minutos"},"schema":{"@context":"https:\/\/schema.org","@graph":[{"@type":"WebPage","@id":"https:\/\/bonaimatge.com\/es\/desembre-pot-ser-una-oportunitat-per-reforcar-la-teva-comunicacio-corporativa\/","url":"https:\/\/bonaimatge.com\/es\/desembre-pot-ser-una-oportunitat-per-reforcar-la-teva-comunicacio-corporativa\/","name":"Diciembre puede ser una oportunidad para reforzar tu comunicaci\u00f3n corporativa - Bonaimatge","isPartOf":{"@id":"https:\/\/bonaimatge.com\/#website"},"primaryImageOfPage":{"@id":"https:\/\/bonaimatge.com\/es\/desembre-pot-ser-una-oportunitat-per-reforcar-la-teva-comunicacio-corporativa\/#primaryimage"},"image":{"@id":"https:\/\/bonaimatge.com\/es\/desembre-pot-ser-una-oportunitat-per-reforcar-la-teva-comunicacio-corporativa\/#primaryimage"},"thumbnailUrl":"https:\/\/bonaimatge.com\/wp-content\/uploads\/2025\/12\/Diseno-sin-titulo1.png","datePublished":"2025-12-17T07:16:13+00:00","dateModified":"2025-12-17T07:18:49+00:00","author":{"@id":"https:\/\/bonaimatge.com\/#\/schema\/person\/ff45c3416462786681260eea5ed5ee99"},"breadcrumb":{"@id":"https:\/\/bonaimatge.com\/es\/desembre-pot-ser-una-oportunitat-per-reforcar-la-teva-comunicacio-corporativa\/#breadcrumb"},"inLanguage":"es","potentialAction":[{"@type":"ReadAction","target":["https:\/\/bonaimatge.com\/es\/desembre-pot-ser-una-oportunitat-per-reforcar-la-teva-comunicacio-corporativa\/"]}]},{"@type":"ImageObject","inLanguage":"es","@id":"https:\/\/bonaimatge.com\/es\/desembre-pot-ser-una-oportunitat-per-reforcar-la-teva-comunicacio-corporativa\/#primaryimage","url":"https:\/\/bonaimatge.com\/wp-content\/uploads\/2025\/12\/Diseno-sin-titulo1.png","contentUrl":"https:\/\/bonaimatge.com\/wp-content\/uploads\/2025\/12\/Diseno-sin-titulo1.png","width":1080,"height":1350},{"@type":"BreadcrumbList","@id":"https:\/\/bonaimatge.com\/es\/desembre-pot-ser-una-oportunitat-per-reforcar-la-teva-comunicacio-corporativa\/#breadcrumb","itemListElement":[{"@type":"ListItem","position":1,"name":"Inici","item":"https:\/\/bonaimatge.com\/es\/"},{"@type":"ListItem","position":2,"name":"Diciembre puede ser una oportunidad para reforzar tu comunicaci\u00f3n corporativa"}]},{"@type":"WebSite","@id":"https:\/\/bonaimatge.com\/#website","url":"https:\/\/bonaimatge.com\/","name":"Bonaimatge","description":"Comunicaci\u00f3","potentialAction":[{"@type":"SearchAction","target":{"@type":"EntryPoint","urlTemplate":"https:\/\/bonaimatge.com\/?s={search_term_string}"},"query-input":{"@type":"PropertyValueSpecification","valueRequired":true,"valueName":"search_term_string"}}],"inLanguage":"es"},{"@type":"Person","@id":"https:\/\/bonaimatge.com\/#\/schema\/person\/ff45c3416462786681260eea5ed5ee99","name":"M\u00f2nica Carrasco","image":{"@type":"ImageObject","inLanguage":"es","@id":"https:\/\/bonaimatge.com\/#\/schema\/person\/image\/","url":"https:\/\/secure.gravatar.com\/avatar\/134d5c768f5d8ccf3d64439038057777d3b0833adbf1bb30e5c4336e200516f6?s=96&d=mm&r=g","contentUrl":"https:\/\/secure.gravatar.com\/avatar\/134d5c768f5d8ccf3d64439038057777d3b0833adbf1bb30e5c4336e200516f6?s=96&d=mm&r=g","caption":"M\u00f2nica Carrasco"},"url":"https:\/\/bonaimatge.com\/es\/author\/marina-troyano\/"}]}},"_links":{"self":[{"href":"https:\/\/bonaimatge.com\/es\/wp-json\/wp\/v2\/posts\/2371","targetHints":{"allow":["GET"]}}],"collection":[{"href":"https:\/\/bonaimatge.com\/es\/wp-json\/wp\/v2\/posts"}],"about":[{"href":"https:\/\/bonaimatge.com\/es\/wp-json\/wp\/v2\/types\/post"}],"author":[{"embeddable":true,"href":"https:\/\/bonaimatge.com\/es\/wp-json\/wp\/v2\/users\/4"}],"replies":[{"embeddable":true,"href":"https:\/\/bonaimatge.com\/es\/wp-json\/wp\/v2\/comments?post=2371"}],"version-history":[{"count":2,"href":"https:\/\/bonaimatge.com\/es\/wp-json\/wp\/v2\/posts\/2371\/revisions"}],"predecessor-version":[{"id":2373,"href":"https:\/\/bonaimatge.com\/es\/wp-json\/wp\/v2\/posts\/2371\/revisions\/2373"}],"wp:featuredmedia":[{"embeddable":true,"href":"https:\/\/bonaimatge.com\/es\/wp-json\/wp\/v2\/media\/2369"}],"wp:attachment":[{"href":"https:\/\/bonaimatge.com\/es\/wp-json\/wp\/v2\/media?parent=2371"}],"wp:term":[{"taxonomy":"category","embeddable":true,"href":"https:\/\/bonaimatge.com\/es\/wp-json\/wp\/v2\/categories?post=2371"},{"taxonomy":"post_tag","embeddable":true,"href":"https:\/\/bonaimatge.com\/es\/wp-json\/wp\/v2\/tags?post=2371"}],"curies":[{"name":"wp","href":"https:\/\/api.w.org\/{rel}","templated":true}]}}