{"id":2390,"date":"2026-03-12T11:01:56","date_gmt":"2026-03-12T10:01:56","guid":{"rendered":"https:\/\/bonaimatge.com\/?p=2390"},"modified":"2026-03-12T11:01:56","modified_gmt":"2026-03-12T10:01:56","slug":"la-reputacion-corporativa-el-valor-invisible-que-decide-el-futuro-de-una-empresa","status":"publish","type":"post","link":"https:\/\/bonaimatge.com\/es\/la-reputacion-corporativa-el-valor-invisible-que-decide-el-futuro-de-una-empresa\/","title":{"rendered":"La reputaci\u00f3n corporativa: el valor invisible que decide el futuro de una empresa"},"content":{"rendered":"<p data-start=\"87\" data-end=\"392\">En un mercado cada vez m\u00e1s competitivo, las empresas ya no solo compiten con productos o servicios. Tambi\u00e9n compiten con la percepci\u00f3n que el p\u00fablico tiene de ellas. Esta percepci\u00f3n es lo que llamamos reputaci\u00f3n corporativa, un activo intangible pero decisivo para el futuro de cualquier organizaci\u00f3n.\u00a0Una buena reputaci\u00f3n no se construye de un d\u00eda para otro; es el resultado de un trabajo constante de coherencia entre lo que una empresa dice, lo que hace y lo que los dem\u00e1s cuentan sobre ella.\u00a0No se trata solo de imagen o de branding, sino que tiene que ver con factores como:<\/p>\n<ul>\n<li data-start=\"676\" data-end=\"712\">La credibilidad de la organizaci\u00f3n<\/li>\n<li data-start=\"715\" data-end=\"752\">La transparencia en su comunicaci\u00f3n<\/li>\n<li data-start=\"755\" data-end=\"796\">La calidad de sus productos o servicios<\/li>\n<li data-start=\"799\" data-end=\"838\">El comportamiento \u00e9tico y responsable<\/li>\n<li data-start=\"841\" data-end=\"900\">La manera en que trata a sus trabajadores o colaboradores<\/li>\n<\/ul>\n<p data-start=\"902\" data-end=\"1013\">En definitiva, la reputaci\u00f3n es el resultado de la experiencia acumulada que las personas tienen con una marca.<\/p>\n<p data-section-id=\"fk17xn\" data-start=\"1015\" data-end=\"1045\"><strong>\u00bfPor qu\u00e9 es tan importante?<\/strong><\/p>\n<p data-start=\"1047\" data-end=\"1126\">Una buena reputaci\u00f3n genera ventajas muy concretas para cualquier organizaci\u00f3n.<\/p>\n<ul>\n<li data-start=\"1128\" data-end=\"1301\"><strong data-start=\"1128\" data-end=\"1149\">Genera confianza:<\/strong> La confianza es el motor de cualquier relaci\u00f3n comercial. Cuando una empresa tiene una reputaci\u00f3n s\u00f3lida, el p\u00fablico percibe que es fiable y coherente.<\/li>\n<li data-start=\"1303\" data-end=\"1473\"><strong data-start=\"1303\" data-end=\"1327\">Diferencia la marca:<\/strong> En sectores donde muchos productos son similares, la reputaci\u00f3n puede ser el factor determinante para que un cliente elija una empresa y no otra.<\/li>\n<li data-start=\"1475\" data-end=\"1608\"><strong data-start=\"1475\" data-end=\"1493\">Atrae talento:<\/strong> Las personas tambi\u00e9n quieren trabajar en organizaciones que tienen buena imagen y que proyectan valores positivos.<\/li>\n<li data-start=\"1610\" data-end=\"1771\"><strong data-start=\"1610\" data-end=\"1644\">Protege en momentos de crisis:<\/strong> Las empresas con una reputaci\u00f3n consolidada tienen mayor capacidad de resistencia ante una crisis comunicativa o reputacional.<\/li>\n<\/ul>\n<p data-start=\"1773\" data-end=\"1963\">Es importante entender que la reputaci\u00f3n no depende \u00fanicamente del departamento de comunicaci\u00f3n o marketing. En realidad, es el resultado del conjunto de decisiones que toma la organizaci\u00f3n.\u00a0La comunicaci\u00f3n, sin embargo, tiene un papel clave porque da coherencia al relato de la marca, explica el prop\u00f3sito y los valores de la empresa, proyecta las acciones que se llevan a cabo y establece canales de relaci\u00f3n con los p\u00fablicos.\u00a0Sin una estrategia de comunicaci\u00f3n clara, muchas acciones positivas de una empresa simplemente no llegan a ser percibidas.<\/p>\n<p data-start=\"1773\" data-end=\"1963\"><img decoding=\"async\" class=\"aligncenter wp-image-2386 size-large\" src=\"https:\/\/bonaimatge.com\/wp-content\/uploads\/2026\/03\/reputacio-corporativa-1024x688.png\" alt=\"\" width=\"1024\" height=\"688\" srcset=\"https:\/\/bonaimatge.com\/wp-content\/uploads\/2026\/03\/reputacio-corporativa-200x134.png 200w, https:\/\/bonaimatge.com\/wp-content\/uploads\/2026\/03\/reputacio-corporativa-300x202.png 300w, https:\/\/bonaimatge.com\/wp-content\/uploads\/2026\/03\/reputacio-corporativa-400x269.png 400w, https:\/\/bonaimatge.com\/wp-content\/uploads\/2026\/03\/reputacio-corporativa-600x403.png 600w, https:\/\/bonaimatge.com\/wp-content\/uploads\/2026\/03\/reputacio-corporativa-768x516.png 768w, https:\/\/bonaimatge.com\/wp-content\/uploads\/2026\/03\/reputacio-corporativa-800x538.png 800w, https:\/\/bonaimatge.com\/wp-content\/uploads\/2026\/03\/reputacio-corporativa-1024x688.png 1024w, https:\/\/bonaimatge.com\/wp-content\/uploads\/2026\/03\/reputacio-corporativa-1200x807.png 1200w, https:\/\/bonaimatge.com\/wp-content\/uploads\/2026\/03\/reputacio-corporativa-1536x1033.png 1536w, https:\/\/bonaimatge.com\/wp-content\/uploads\/2026\/03\/reputacio-corporativa.png 1544w\" sizes=\"(max-width: 1024px) 100vw, 1024px\" \/><\/p>\n<p data-section-id=\"1g3ai1j\" data-start=\"2332\" data-end=\"2382\">Tres claves para construir una buena reputaci\u00f3n<\/p>\n<ul>\n<li data-start=\"2384\" data-end=\"2536\"><strong data-start=\"2384\" data-end=\"2399\">Coherencia:<\/strong> Lo que una empresa dice debe corresponder con lo que hace. Las marcas que prometen mucho pero act\u00faan poco acaban generando desconfianza.<\/li>\n<li data-start=\"2538\" data-end=\"2714\"><strong data-start=\"2538\" data-end=\"2556\">Transparencia:<\/strong> La sociedad actual exige cada vez m\u00e1s informaci\u00f3n y claridad. Explicar las decisiones, reconocer errores y comunicar con honestidad refuerza la credibilidad.<\/li>\n<li data-start=\"2716\" data-end=\"2877\"><strong data-start=\"2716\" data-end=\"2732\">Continuidad:<\/strong> La reputaci\u00f3n no es una campa\u00f1a puntual. Es un proceso que se construye con el tiempo, con acciones coherentes y con una comunicaci\u00f3n constante.<\/li>\n<\/ul>\n<p data-start=\"2879\" data-end=\"3183\">Las empresas que entienden la comunicaci\u00f3n como una herramienta estrat\u00e9gica tienen mayor capacidad para construir una reputaci\u00f3n s\u00f3lida. No se trata solo de \u201csalir en los medios\u201d o de publicar contenidos en las redes sociales, sino de definir un relato corporativo coherente y sostenido en el tiempo. Cuando una organizaci\u00f3n explica bien qu\u00e9 hace, por qu\u00e9 lo hace y qu\u00e9 impacto genera, consigue reforzar la confianza y su posici\u00f3n en el mercado.\u00a0En muchos casos, la reputaci\u00f3n es el factor que determina si una empresa crece, se mantiene o pierde competitividad. Por eso, cada vez m\u00e1s organizaciones entienden que gestionar la comunicaci\u00f3n y la reputaci\u00f3n no es una opci\u00f3n, sino una necesidad estrat\u00e9gica.<\/p>\n<p data-start=\"3596\" data-end=\"3961\">\u00bfTienes una historia? \u00bfQuieres que te ayudemos a explicarla y a planificar tus acciones de comunicaci\u00f3n? En Bonaimatge ponemos a tu disposici\u00f3n un equipo de profesionales en diversos \u00e1mbitos que dar\u00e1n forma a tu plan de comunicaci\u00f3n a medida y te acompa\u00f1ar\u00e1n para ponerlo en pr\u00e1ctica. Tambi\u00e9n podemos ayudarte a llevar a cabo acciones concretas de comunicaci\u00f3n. Puedes contactar con nosotros a trav\u00e9s de la web: <a href=\"http:\/\/www.bonaimatge.com\">www.bonaimatge.com<\/a><\/p>\n","protected":false},"excerpt":{"rendered":"<p>En un mercado cada vez m\u00e1s competitivo, las empresas ya no solo compiten con productos o servicios. Tambi\u00e9n compiten con la percepci\u00f3n que el p\u00fablico tiene de ellas. Esta percepci\u00f3n es lo que llamamos reputaci\u00f3n [&hellip;]<\/p>\n","protected":false},"author":4,"featured_media":2386,"comment_status":"open","ping_status":"closed","sticky":false,"template":"","format":"standard","meta":{"footnotes":""},"categories":[33,15],"tags":[83,74,130],"class_list":["post-2390","post","type-post","status-publish","format-standard","has-post-thumbnail","hentry","category-noticies-blog-es","category-sin-categorizar","tag-bonaimatge-es","tag-comunicacio-es","tag-comunicaciocorporativa-es"],"yoast_head":"<!-- This site is optimized with the Yoast SEO plugin v25.8 - https:\/\/yoast.com\/wordpress\/plugins\/seo\/ -->\n<title>La reputaci\u00f3n corporativa: el valor invisible que decide el futuro de una empresa - Bonaimatge<\/title>\n<meta name=\"robots\" content=\"index, follow, max-snippet:-1, max-image-preview:large, max-video-preview:-1\" \/>\n<link rel=\"canonical\" href=\"https:\/\/bonaimatge.com\/es\/la-reputacion-corporativa-el-valor-invisible-que-decide-el-futuro-de-una-empresa\/\" \/>\n<meta property=\"og:locale\" content=\"es_ES\" \/>\n<meta property=\"og:type\" content=\"article\" \/>\n<meta property=\"og:title\" content=\"La reputaci\u00f3n corporativa: el valor invisible que decide el futuro de una empresa - Bonaimatge\" \/>\n<meta property=\"og:description\" content=\"En un mercado cada vez m\u00e1s competitivo, las empresas ya no solo compiten con productos o servicios. Tambi\u00e9n compiten con la percepci\u00f3n que el p\u00fablico tiene de ellas. Esta percepci\u00f3n es lo que llamamos reputaci\u00f3n [&hellip;]\" \/>\n<meta property=\"og:url\" content=\"https:\/\/bonaimatge.com\/es\/la-reputacion-corporativa-el-valor-invisible-que-decide-el-futuro-de-una-empresa\/\" \/>\n<meta property=\"og:site_name\" content=\"Bonaimatge\" \/>\n<meta property=\"article:published_time\" content=\"2026-03-12T10:01:56+00:00\" \/>\n<meta property=\"og:image\" content=\"https:\/\/bonaimatge.com\/wp-content\/uploads\/2026\/03\/reputacio-corporativa-1024x688.png\" \/>\n\t<meta property=\"og:image:width\" content=\"1024\" \/>\n\t<meta property=\"og:image:height\" content=\"688\" \/>\n\t<meta property=\"og:image:type\" content=\"image\/png\" \/>\n<meta name=\"author\" content=\"M\u00f2nica Carrasco\" \/>\n<meta name=\"twitter:card\" content=\"summary_large_image\" \/>\n<meta name=\"twitter:label1\" content=\"Escrito por\" \/>\n\t<meta name=\"twitter:data1\" content=\"M\u00f2nica Carrasco\" \/>\n\t<meta name=\"twitter:label2\" content=\"Tiempo de lectura\" \/>\n\t<meta name=\"twitter:data2\" content=\"4 minutos\" \/>\n<script type=\"application\/ld+json\" class=\"yoast-schema-graph\">{\"@context\":\"https:\/\/schema.org\",\"@graph\":[{\"@type\":\"WebPage\",\"@id\":\"https:\/\/bonaimatge.com\/es\/la-reputacion-corporativa-el-valor-invisible-que-decide-el-futuro-de-una-empresa\/\",\"url\":\"https:\/\/bonaimatge.com\/es\/la-reputacion-corporativa-el-valor-invisible-que-decide-el-futuro-de-una-empresa\/\",\"name\":\"La reputaci\u00f3n corporativa: el valor invisible que decide el futuro de una empresa - Bonaimatge\",\"isPartOf\":{\"@id\":\"https:\/\/bonaimatge.com\/#website\"},\"primaryImageOfPage\":{\"@id\":\"https:\/\/bonaimatge.com\/es\/la-reputacion-corporativa-el-valor-invisible-que-decide-el-futuro-de-una-empresa\/#primaryimage\"},\"image\":{\"@id\":\"https:\/\/bonaimatge.com\/es\/la-reputacion-corporativa-el-valor-invisible-que-decide-el-futuro-de-una-empresa\/#primaryimage\"},\"thumbnailUrl\":\"https:\/\/bonaimatge.com\/wp-content\/uploads\/2026\/03\/reputacio-corporativa.png\",\"datePublished\":\"2026-03-12T10:01:56+00:00\",\"author\":{\"@id\":\"https:\/\/bonaimatge.com\/#\/schema\/person\/ff45c3416462786681260eea5ed5ee99\"},\"breadcrumb\":{\"@id\":\"https:\/\/bonaimatge.com\/es\/la-reputacion-corporativa-el-valor-invisible-que-decide-el-futuro-de-una-empresa\/#breadcrumb\"},\"inLanguage\":\"es\",\"potentialAction\":[{\"@type\":\"ReadAction\",\"target\":[\"https:\/\/bonaimatge.com\/es\/la-reputacion-corporativa-el-valor-invisible-que-decide-el-futuro-de-una-empresa\/\"]}]},{\"@type\":\"ImageObject\",\"inLanguage\":\"es\",\"@id\":\"https:\/\/bonaimatge.com\/es\/la-reputacion-corporativa-el-valor-invisible-que-decide-el-futuro-de-una-empresa\/#primaryimage\",\"url\":\"https:\/\/bonaimatge.com\/wp-content\/uploads\/2026\/03\/reputacio-corporativa.png\",\"contentUrl\":\"https:\/\/bonaimatge.com\/wp-content\/uploads\/2026\/03\/reputacio-corporativa.png\",\"width\":1544,\"height\":1038},{\"@type\":\"BreadcrumbList\",\"@id\":\"https:\/\/bonaimatge.com\/es\/la-reputacion-corporativa-el-valor-invisible-que-decide-el-futuro-de-una-empresa\/#breadcrumb\",\"itemListElement\":[{\"@type\":\"ListItem\",\"position\":1,\"name\":\"Inici\",\"item\":\"https:\/\/bonaimatge.com\/es\/\"},{\"@type\":\"ListItem\",\"position\":2,\"name\":\"La reputaci\u00f3n corporativa: el valor invisible que decide el futuro de una empresa\"}]},{\"@type\":\"WebSite\",\"@id\":\"https:\/\/bonaimatge.com\/#website\",\"url\":\"https:\/\/bonaimatge.com\/\",\"name\":\"Bonaimatge\",\"description\":\"Comunicaci\u00f3\",\"potentialAction\":[{\"@type\":\"SearchAction\",\"target\":{\"@type\":\"EntryPoint\",\"urlTemplate\":\"https:\/\/bonaimatge.com\/?s={search_term_string}\"},\"query-input\":{\"@type\":\"PropertyValueSpecification\",\"valueRequired\":true,\"valueName\":\"search_term_string\"}}],\"inLanguage\":\"es\"},{\"@type\":\"Person\",\"@id\":\"https:\/\/bonaimatge.com\/#\/schema\/person\/ff45c3416462786681260eea5ed5ee99\",\"name\":\"M\u00f2nica Carrasco\",\"image\":{\"@type\":\"ImageObject\",\"inLanguage\":\"es\",\"@id\":\"https:\/\/bonaimatge.com\/#\/schema\/person\/image\/\",\"url\":\"https:\/\/secure.gravatar.com\/avatar\/134d5c768f5d8ccf3d64439038057777d3b0833adbf1bb30e5c4336e200516f6?s=96&d=mm&r=g\",\"contentUrl\":\"https:\/\/secure.gravatar.com\/avatar\/134d5c768f5d8ccf3d64439038057777d3b0833adbf1bb30e5c4336e200516f6?s=96&d=mm&r=g\",\"caption\":\"M\u00f2nica Carrasco\"},\"url\":\"https:\/\/bonaimatge.com\/es\/author\/marina-troyano\/\"}]}<\/script>\n<!-- \/ Yoast SEO plugin. -->","yoast_head_json":{"title":"La reputaci\u00f3n corporativa: el valor invisible que decide el futuro de una empresa - Bonaimatge","robots":{"index":"index","follow":"follow","max-snippet":"max-snippet:-1","max-image-preview":"max-image-preview:large","max-video-preview":"max-video-preview:-1"},"canonical":"https:\/\/bonaimatge.com\/es\/la-reputacion-corporativa-el-valor-invisible-que-decide-el-futuro-de-una-empresa\/","og_locale":"es_ES","og_type":"article","og_title":"La reputaci\u00f3n corporativa: el valor invisible que decide el futuro de una empresa - Bonaimatge","og_description":"En un mercado cada vez m\u00e1s competitivo, las empresas ya no solo compiten con productos o servicios. Tambi\u00e9n compiten con la percepci\u00f3n que el p\u00fablico tiene de ellas. Esta percepci\u00f3n es lo que llamamos reputaci\u00f3n [&hellip;]","og_url":"https:\/\/bonaimatge.com\/es\/la-reputacion-corporativa-el-valor-invisible-que-decide-el-futuro-de-una-empresa\/","og_site_name":"Bonaimatge","article_published_time":"2026-03-12T10:01:56+00:00","og_image":[{"width":1024,"height":688,"url":"https:\/\/bonaimatge.com\/wp-content\/uploads\/2026\/03\/reputacio-corporativa-1024x688.png","type":"image\/png"}],"author":"M\u00f2nica Carrasco","twitter_card":"summary_large_image","twitter_misc":{"Escrito por":"M\u00f2nica Carrasco","Tiempo de lectura":"4 minutos"},"schema":{"@context":"https:\/\/schema.org","@graph":[{"@type":"WebPage","@id":"https:\/\/bonaimatge.com\/es\/la-reputacion-corporativa-el-valor-invisible-que-decide-el-futuro-de-una-empresa\/","url":"https:\/\/bonaimatge.com\/es\/la-reputacion-corporativa-el-valor-invisible-que-decide-el-futuro-de-una-empresa\/","name":"La reputaci\u00f3n corporativa: el valor invisible que decide el futuro de una empresa - Bonaimatge","isPartOf":{"@id":"https:\/\/bonaimatge.com\/#website"},"primaryImageOfPage":{"@id":"https:\/\/bonaimatge.com\/es\/la-reputacion-corporativa-el-valor-invisible-que-decide-el-futuro-de-una-empresa\/#primaryimage"},"image":{"@id":"https:\/\/bonaimatge.com\/es\/la-reputacion-corporativa-el-valor-invisible-que-decide-el-futuro-de-una-empresa\/#primaryimage"},"thumbnailUrl":"https:\/\/bonaimatge.com\/wp-content\/uploads\/2026\/03\/reputacio-corporativa.png","datePublished":"2026-03-12T10:01:56+00:00","author":{"@id":"https:\/\/bonaimatge.com\/#\/schema\/person\/ff45c3416462786681260eea5ed5ee99"},"breadcrumb":{"@id":"https:\/\/bonaimatge.com\/es\/la-reputacion-corporativa-el-valor-invisible-que-decide-el-futuro-de-una-empresa\/#breadcrumb"},"inLanguage":"es","potentialAction":[{"@type":"ReadAction","target":["https:\/\/bonaimatge.com\/es\/la-reputacion-corporativa-el-valor-invisible-que-decide-el-futuro-de-una-empresa\/"]}]},{"@type":"ImageObject","inLanguage":"es","@id":"https:\/\/bonaimatge.com\/es\/la-reputacion-corporativa-el-valor-invisible-que-decide-el-futuro-de-una-empresa\/#primaryimage","url":"https:\/\/bonaimatge.com\/wp-content\/uploads\/2026\/03\/reputacio-corporativa.png","contentUrl":"https:\/\/bonaimatge.com\/wp-content\/uploads\/2026\/03\/reputacio-corporativa.png","width":1544,"height":1038},{"@type":"BreadcrumbList","@id":"https:\/\/bonaimatge.com\/es\/la-reputacion-corporativa-el-valor-invisible-que-decide-el-futuro-de-una-empresa\/#breadcrumb","itemListElement":[{"@type":"ListItem","position":1,"name":"Inici","item":"https:\/\/bonaimatge.com\/es\/"},{"@type":"ListItem","position":2,"name":"La reputaci\u00f3n corporativa: el valor invisible que decide el futuro de una empresa"}]},{"@type":"WebSite","@id":"https:\/\/bonaimatge.com\/#website","url":"https:\/\/bonaimatge.com\/","name":"Bonaimatge","description":"Comunicaci\u00f3","potentialAction":[{"@type":"SearchAction","target":{"@type":"EntryPoint","urlTemplate":"https:\/\/bonaimatge.com\/?s={search_term_string}"},"query-input":{"@type":"PropertyValueSpecification","valueRequired":true,"valueName":"search_term_string"}}],"inLanguage":"es"},{"@type":"Person","@id":"https:\/\/bonaimatge.com\/#\/schema\/person\/ff45c3416462786681260eea5ed5ee99","name":"M\u00f2nica Carrasco","image":{"@type":"ImageObject","inLanguage":"es","@id":"https:\/\/bonaimatge.com\/#\/schema\/person\/image\/","url":"https:\/\/secure.gravatar.com\/avatar\/134d5c768f5d8ccf3d64439038057777d3b0833adbf1bb30e5c4336e200516f6?s=96&d=mm&r=g","contentUrl":"https:\/\/secure.gravatar.com\/avatar\/134d5c768f5d8ccf3d64439038057777d3b0833adbf1bb30e5c4336e200516f6?s=96&d=mm&r=g","caption":"M\u00f2nica Carrasco"},"url":"https:\/\/bonaimatge.com\/es\/author\/marina-troyano\/"}]}},"_links":{"self":[{"href":"https:\/\/bonaimatge.com\/es\/wp-json\/wp\/v2\/posts\/2390","targetHints":{"allow":["GET"]}}],"collection":[{"href":"https:\/\/bonaimatge.com\/es\/wp-json\/wp\/v2\/posts"}],"about":[{"href":"https:\/\/bonaimatge.com\/es\/wp-json\/wp\/v2\/types\/post"}],"author":[{"embeddable":true,"href":"https:\/\/bonaimatge.com\/es\/wp-json\/wp\/v2\/users\/4"}],"replies":[{"embeddable":true,"href":"https:\/\/bonaimatge.com\/es\/wp-json\/wp\/v2\/comments?post=2390"}],"version-history":[{"count":1,"href":"https:\/\/bonaimatge.com\/es\/wp-json\/wp\/v2\/posts\/2390\/revisions"}],"predecessor-version":[{"id":2391,"href":"https:\/\/bonaimatge.com\/es\/wp-json\/wp\/v2\/posts\/2390\/revisions\/2391"}],"wp:featuredmedia":[{"embeddable":true,"href":"https:\/\/bonaimatge.com\/es\/wp-json\/wp\/v2\/media\/2386"}],"wp:attachment":[{"href":"https:\/\/bonaimatge.com\/es\/wp-json\/wp\/v2\/media?parent=2390"}],"wp:term":[{"taxonomy":"category","embeddable":true,"href":"https:\/\/bonaimatge.com\/es\/wp-json\/wp\/v2\/categories?post=2390"},{"taxonomy":"post_tag","embeddable":true,"href":"https:\/\/bonaimatge.com\/es\/wp-json\/wp\/v2\/tags?post=2390"}],"curies":[{"name":"wp","href":"https:\/\/api.w.org\/{rel}","templated":true}]}}